{"id":104344,"date":"2019-07-12T07:41:54","date_gmt":"2019-07-12T10:41:54","guid":{"rendered":"http:\/\/www.caririemacao.com\/1\/?p=104344"},"modified":"2019-07-12T07:43:12","modified_gmt":"2019-07-12T10:43:12","slug":"bolsonaro-cogita-indicar-o-filho-para-ser-embaixador-nos-eua","status":"publish","type":"post","link":"https:\/\/www.caririemacao.com\/1\/2019\/07\/12\/bolsonaro-cogita-indicar-o-filho-para-ser-embaixador-nos-eua\/","title":{"rendered":"Bolsonaro cogita indicar o filho para ser embaixador nos EUA"},"content":{"rendered":"\n<p>O presidente Jair Bolsonaro afirmou que pode indicar o filho, o deputado federal Eduardo Bolsonaro (PSL-SP), para o cargo de embaixador do Brasil nos Estados Unidos. A defini\u00e7\u00e3o, segundo o presidente, est\u00e1 nas m\u00e3os do pr\u00f3prio filho, caso ele aceite a indica\u00e7\u00e3o. Eduardo \u00e9 atualmente presidente da Comiss\u00e3o de Rela\u00e7\u00f5es Exteriores da C\u00e2mara dos Deputados.<\/p>\n\n\n\n<p>&#8220;\u00c9 uma coisa que est\u00e1 no meu radar, sim. Existe essa possibilidade, ele \u00e9 amigo dos filhos do Trump, fala ingl\u00eas, fala espanhol, tem uma viv\u00eancia muito grande de mundo e, no meu entender, poderia ser uma pessoa adequada, que daria conta do recado perfeitamente em Washigton&#8221;, afirmou em entrevista a jornalistas ap\u00f3s participar da posse do novo diretor-geral da Ag\u00eancia Brasileira de Intelig\u00eancia (Abin), o delegado da Pol\u00edcia Federal Alexandre Ramagem Rodrigues.<\/p>\n\n\n\n<p>Bolsonaro ponderou, no entanto, que a legisla\u00e7\u00e3o determina que o parlamentar renuncie ao mandato para assumir o cargo de embaixador.&nbsp; &#8220;Se eu n\u00e3o me engano, n\u00e3o tenho certeza, a legisla\u00e7\u00e3o diz que, no caso do parlamentar aceitar uma indica\u00e7\u00e3o como essa, ele tem que renunciar ao mandato&#8221;, afirmou. Por causa desse eventual limita\u00e7\u00e3o, Bolsonaro destacou que o filho ainda estaria refletindo sobre a possibilidade. &#8220;Da minha parte, eu decidiria agora, mas n\u00e3o \u00e9 f\u00e1cil uma decis\u00e3o como essa, renunciando ao mandato sendo o deputado mais votado do Brasil. Tem certas quest\u00f5es que, apesar de ser meu filho, ele tem que decidir&#8221;, disse.<\/p>\n\n\n\n<p>O presidente disse ainda que o fato de Eduardo ser seu filho poderia ser uma vantagem da representa\u00e7\u00e3o do Brasil nos Estados Unidos, se ele se tornar embaixador. &#8220;Imagina se tivesse no Brasil aqui o filho do [Maur\u00edcio] Macri [presidente argentino] como embaixador da Argentina? Obviamente que o tratamento a ele seria diferente [do] de outro embaixador normal&#8221;.<\/p>\n\n\n\n<p>De acordo com o Artigo 56 da Constitui\u00e7\u00e3o Federal, n\u00e3o h\u00e1 perda de mandato, por parte de deputado ou senador, se o parlamentar for investido como chefe de miss\u00e3o diplom\u00e1tica tempor\u00e1ria, o que n\u00e3o seria o caso de embaixador, que \u00e9 considerado cargo de miss\u00e3o diplom\u00e1tica permanente, segundo a pr\u00f3pria Carta Magna.<\/p>\n","protected":false},"excerpt":{"rendered":"<p>O presidente Jair Bolsonaro afirmou que pode indicar o filho, o deputado federal Eduardo Bolsonaro (PSL-SP), para o cargo de embaixador do Brasil nos Estados&hellip; <\/p>\n","protected":false},"author":1,"featured_media":104345,"comment_status":"closed","ping_status":"closed","sticky":false,"template":"","format":"standard","meta":{"sfsi_plus_gutenberg_text_before_share":"","sfsi_plus_gutenberg_show_text_before_share":"","sfsi_plus_gutenberg_icon_type":"","sfsi_plus_gutenberg_icon_alignemt":"","sfsi_plus_gutenburg_max_per_row":"","footnotes":""},"categories":[11],"tags":[],"class_list":["post-104344","post","type-post","status-publish","format-standard","has-post-thumbnail","hentry","category-politica"],"_links":{"self":[{"href":"https:\/\/www.caririemacao.com\/1\/wp-json\/wp\/v2\/posts\/104344","targetHints":{"allow":["GET"]}}],"collection":[{"href":"https:\/\/www.caririemacao.com\/1\/wp-json\/wp\/v2\/posts"}],"about":[{"href":"https:\/\/www.caririemacao.com\/1\/wp-json\/wp\/v2\/types\/post"}],"author":[{"embeddable":true,"href":"https:\/\/www.caririemacao.com\/1\/wp-json\/wp\/v2\/users\/1"}],"replies":[{"embeddable":true,"href":"https:\/\/www.caririemacao.com\/1\/wp-json\/wp\/v2\/comments?post=104344"}],"version-history":[{"count":2,"href":"https:\/\/www.caririemacao.com\/1\/wp-json\/wp\/v2\/posts\/104344\/revisions"}],"predecessor-version":[{"id":104351,"href":"https:\/\/www.caririemacao.com\/1\/wp-json\/wp\/v2\/posts\/104344\/revisions\/104351"}],"wp:featuredmedia":[{"embeddable":true,"href":"https:\/\/www.caririemacao.com\/1\/wp-json\/wp\/v2\/media\/104345"}],"wp:attachment":[{"href":"https:\/\/www.caririemacao.com\/1\/wp-json\/wp\/v2\/media?parent=104344"}],"wp:term":[{"taxonomy":"category","embeddable":true,"href":"https:\/\/www.caririemacao.com\/1\/wp-json\/wp\/v2\/categories?post=104344"},{"taxonomy":"post_tag","embeddable":true,"href":"https:\/\/www.caririemacao.com\/1\/wp-json\/wp\/v2\/tags?post=104344"}],"curies":[{"name":"wp","href":"https:\/\/api.w.org\/{rel}","templated":true}]}}