{"id":104355,"date":"2019-07-12T07:46:39","date_gmt":"2019-07-12T10:46:39","guid":{"rendered":"http:\/\/www.caririemacao.com\/1\/?p=104355"},"modified":"2019-07-12T07:46:39","modified_gmt":"2019-07-12T10:46:39","slug":"bolsonaro-quer-termos-pai-e-mae-em-formulario-de-passaportes-brasileiros","status":"publish","type":"post","link":"https:\/\/www.caririemacao.com\/1\/2019\/07\/12\/bolsonaro-quer-termos-pai-e-mae-em-formulario-de-passaportes-brasileiros\/","title":{"rendered":"Bolsonaro quer termos &#8216;pai&#8217; e &#8216;m\u00e3e&#8217; em formul\u00e1rio de passaportes brasileiros"},"content":{"rendered":"\n<p>No dia em que a diplomacia do governo brasileiro apresentou a candidatura do pa\u00eds \u00e0 reelei\u00e7\u00e3o no Conselho de Direitos Humanos da Organiza\u00e7\u00e3o das Na\u00e7\u00f5es Unidas (ONU), para o tri\u00eanio de 2020 a 2022, o presidente Jair Bolsonaro comentou a iniciativa durante caf\u00e9 da manh\u00e3 com parlamentares da bancada evang\u00e9lica do Congresso, no Pal\u00e1cio do Planalto. Ele afirmou ainda que o Minist\u00e9rio das Rela\u00e7\u00f5es Exteriores vai adotar os termos &#8220;pai&#8221; e &#8220;m\u00e3e&#8221; nos passaportes, em uma altera\u00e7\u00e3o no processo para requerer o documento.<\/p>\n\n\n\n<p>\u2014 N\u00f3s estamos disputando na ONU a nossa candidatura \u00e0 reelei\u00e7\u00e3o no Conselho dos Direitos Humanos, e a nossa pauta \u00e9 baseada no fortalecimento das estruturas familiares e na exclus\u00e3o das men\u00e7\u00f5es de g\u00eanero \u2014&nbsp; declarou o presidente no encontro. \u2014&nbsp; O nosso Itamaraty, que tem \u00e0 frente o embaixador Ernesto Ara\u00fajo, em nosso passaporte, n\u00f3s estamos acabando com a hist\u00f3ria de genitor 1 e genitor 2. Estamos botando os termos pai e m\u00e3e \u2014 acrescentou Bolsonaro, sendo aplaudido por deputados federais e senadores.<\/p>\n\n\n\n<p>Atualmente, o formul\u00e1rio para o documento permite que se aponte o sexo de cada filia\u00e7\u00e3o.<\/p>\n\n\n\n<p><strong>LEIA<\/strong>:&nbsp;<a href=\"https:\/\/www.clickpb.com.br\/brasil\/bolsonaro-recebe-bancada-da-frente-parlamentar-evangelica-263839.html\">Bolsonaro recebe bancada da Frente Parlamentar Evang\u00e9lica<\/a><\/p>\n\n\n\n<p>A diplomacia do governo Bolsonaro excluiu men\u00e7\u00f5es a g\u00eanero, desigualdade e tortura ao apresentar a candidatura ao Conselho Nacional de Direitos Humanos. As elei\u00e7\u00f5es acontecem em outubro, durante a Assembleia Geral da ONU. H\u00e1 duas vagas para pa\u00edses sul-americanos e do Caribe e entende-se que Brasil e Venezuela ser\u00e3o os \u00fanicos candidatos.<\/p>\n\n\n\n<p>Ao contr\u00e1rio da apresenta\u00e7\u00e3o da candidatura em 2016, o documento n\u00e3o faz men\u00e7\u00f5es ao termo &#8220;g\u00eanero&#8221;, que ent\u00e3o aparecia duas vezes. O texto afirmava que o governo brasileiro &#8220;persistiria em seu intransigente compromisso para a igualdade de g\u00eanero e o empoderamento feminino\u201d, al\u00e9m de reconhecer avan\u00e7os \u201cna luta contra todas as formas de viol\u00eancia e discrimina\u00e7\u00e3o de g\u00eanero&#8221;.<\/p>\n\n\n\n<p>Na manh\u00e3 desta quinta, Bolsonaro&nbsp; \u2014 que, na campanha eleitoral do ano passado, disse que o Conselho de Direitos Humanos n\u00e3o servia para &#8220;absolutamente nada&#8221; e que tiraria o pa\u00eds do \u00f3rg\u00e3o caso eleito \u2014 tamb\u00e9m comentou a candidatura no Twitter. &#8220;Na ONU o governo Jair Bolsonaro apresentar\u00e1 suas prioridades no documento de candidatura \u00e0 reelei\u00e7\u00e3o no Conselho de Direitos Humanos da ONU. As principais pautas est\u00e3o ligadas ao fortalecimento das estruturas familiares e \u00e0 exclus\u00e3o das men\u00e7\u00f5es de g\u00eanero&#8221;, escreveu.<\/p>\n\n\n\n<p><strong>Promo\u00e7\u00e3o da fam\u00edlia<\/strong><br><\/p>\n\n\n\n<p>A promo\u00e7\u00e3o da fam\u00edlia, que n\u00e3o era citada na candidatura anterior, \u00e9 mencionada nove vezes na atual. &#8220;O governo defende o fortalecimento dos v\u00ednculos familiares, sob o enfoque dos direitos humanos\u201d, diz o documento, que afirma que, para tal,s\u00e3o desenvolvidas \u201cpol\u00edticas p\u00fablicas transversais\u201d. No texto, o pa\u00eds se compromete ainda a apoiar iniciativas que \u201ccontribuam para fortalecer as estruturas e rela\u00e7\u00f5es familiares, levando em especial considera\u00e7\u00e3o as diferentes circunst\u00e2ncias socioculturais e econ\u00f4micas das fam\u00edlias, sobretudo no que respeita \u00e0s fam\u00edlias em situa\u00e7\u00e3o de vulnerabilidade&#8221;.<\/p>\n\n\n\n<p><strong>LEIA MAIS<\/strong>:&nbsp;<a href=\"https:\/\/www.clickpb.com.br\/brasil\/mec-pretende-implantar-no-pais-108-escolas-civico-militares-ate-2023-263844.html\">MEC pretende implantar no pa\u00eds 108 escolas c\u00edvico-militares at\u00e9 2023<\/a><\/p>\n\n\n\n<p>Apesar de n\u00e3o citar g\u00eanero, o novo documento, que apresenta compromissos volunt\u00e1rios do pa\u00eds com o Conselho, defende a \u201cpromo\u00e7\u00e3o dos direitos das mulheres, incluindo o combate \u00e0 viol\u00eancia contra a mulher\u201d, assim como \u201creconhece o papel central das mulheres para garantir o desfrute completo dos direitos humanos\u201d, entre outras men\u00e7\u00f5es \u00e0 promo\u00e7\u00e3o dos direitos das mulheres, incluindo o combate \u201cao feminic\u00eddio e ao ass\u00e9dio sexual\u201d.<\/p>\n\n\n\n<p>A exclus\u00e3o da palavra \u201cg\u00eanero\u201d e a entrada da promo\u00e7\u00e3o da fam\u00edlia acompanham a nova posi\u00e7\u00e3o brasileira em f\u00f3runs internos e internacionais. Nas \u00faltimas semanas, durante audi\u00eancias do Conselho em Genebra, por diversas vezes o Brasil foi contra o uso do termo \u201cg\u00eanero\u201d em resolu\u00e7\u00f5es da ONU. A insist\u00eancia brasileira levou o M\u00e9xico a retrucar que o termo \u00e9 consagrado h\u00e1 d\u00e9cadas no direito internacional, estando presente em mais de 200 resolu\u00e7\u00f5es do \u00f3rg\u00e3o de direitos humanos.<\/p>\n\n\n\n<p>Tamb\u00e9m foram exclu\u00eddas men\u00e7\u00f5es \u00e0 pobreza, \u00e0 desigualdade, \u00e0 fome e ao desemprego, que apareciam mais de uma vez no documento de abril de 2016, durante o governo de Dilma Rousseff, assim como \u00e0 tortura, que era citada uma vez.<\/p>\n","protected":false},"excerpt":{"rendered":"<p>No dia em que a diplomacia do governo brasileiro apresentou a candidatura do pa\u00eds \u00e0 reelei\u00e7\u00e3o no Conselho de Direitos Humanos da Organiza\u00e7\u00e3o das Na\u00e7\u00f5es&hellip; <\/p>\n","protected":false},"author":1,"featured_media":104356,"comment_status":"closed","ping_status":"closed","sticky":false,"template":"","format":"standard","meta":{"sfsi_plus_gutenberg_text_before_share":"","sfsi_plus_gutenberg_show_text_before_share":"","sfsi_plus_gutenberg_icon_type":"","sfsi_plus_gutenberg_icon_alignemt":"","sfsi_plus_gutenburg_max_per_row":"","footnotes":""},"categories":[11],"tags":[],"class_list":["post-104355","post","type-post","status-publish","format-standard","has-post-thumbnail","hentry","category-politica"],"_links":{"self":[{"href":"https:\/\/www.caririemacao.com\/1\/wp-json\/wp\/v2\/posts\/104355","targetHints":{"allow":["GET"]}}],"collection":[{"href":"https:\/\/www.caririemacao.com\/1\/wp-json\/wp\/v2\/posts"}],"about":[{"href":"https:\/\/www.caririemacao.com\/1\/wp-json\/wp\/v2\/types\/post"}],"author":[{"embeddable":true,"href":"https:\/\/www.caririemacao.com\/1\/wp-json\/wp\/v2\/users\/1"}],"replies":[{"embeddable":true,"href":"https:\/\/www.caririemacao.com\/1\/wp-json\/wp\/v2\/comments?post=104355"}],"version-history":[{"count":1,"href":"https:\/\/www.caririemacao.com\/1\/wp-json\/wp\/v2\/posts\/104355\/revisions"}],"predecessor-version":[{"id":104357,"href":"https:\/\/www.caririemacao.com\/1\/wp-json\/wp\/v2\/posts\/104355\/revisions\/104357"}],"wp:featuredmedia":[{"embeddable":true,"href":"https:\/\/www.caririemacao.com\/1\/wp-json\/wp\/v2\/media\/104356"}],"wp:attachment":[{"href":"https:\/\/www.caririemacao.com\/1\/wp-json\/wp\/v2\/media?parent=104355"}],"wp:term":[{"taxonomy":"category","embeddable":true,"href":"https:\/\/www.caririemacao.com\/1\/wp-json\/wp\/v2\/categories?post=104355"},{"taxonomy":"post_tag","embeddable":true,"href":"https:\/\/www.caririemacao.com\/1\/wp-json\/wp\/v2\/tags?post=104355"}],"curies":[{"name":"wp","href":"https:\/\/api.w.org\/{rel}","templated":true}]}}