{"id":104364,"date":"2019-07-12T08:06:16","date_gmt":"2019-07-12T11:06:16","guid":{"rendered":"http:\/\/www.caririemacao.com\/1\/?p=104364"},"modified":"2019-07-12T08:16:45","modified_gmt":"2019-07-12T11:16:45","slug":"camara-aprova-regras-especiais-de-aposentadoria-de-policiais-da-uniao","status":"publish","type":"post","link":"https:\/\/www.caririemacao.com\/1\/2019\/07\/12\/camara-aprova-regras-especiais-de-aposentadoria-de-policiais-da-uniao\/","title":{"rendered":"C\u00e2mara aprova regras especiais de aposentadoria de policiais da Uni\u00e3o"},"content":{"rendered":"\n<p>O&nbsp;plen\u00e1rio da C\u00e2mara dos Deputados aprovou na madrugada de hoje (12), por 467 votos a 15, a emenda do Podemos que reduz a idade m\u00ednima de aposentadoria para os policiais que servem \u00e0 Uni\u00e3o. Policiais federais, policiais legislativos, policiais civis do Distrito Federal, policiais rodovi\u00e1rios federais e agentes penitenci\u00e1rios e socioeducativos federais, entre outros, poder\u00e3o aposentar-se aos 53 anos (homens) e 52 anos (mulheres).<\/p>\n\n\n\n<figure class=\"wp-block-image\"><img decoding=\"async\" data-src=\"http:\/\/imagens.ebc.com.br\/XPzYz5DdkK5vwDzuq6VpP9ej5eA=\/365x0\/smart\/http:\/\/agenciabrasil.ebc.com.br\/sites\/default\/files\/thumbnails\/image\/fcpzzb_edit_abr_10071918751.jpg?itok=u-VvEvSp\" alt=\"Plen\u00e1rio da C\u00e2mara inicia vota\u00e7ao da reforma da Previd\u00eancia\" src=\"data:image\/svg+xml;base64,PHN2ZyB3aWR0aD0iMSIgaGVpZ2h0PSIxIiB4bWxucz0iaHR0cDovL3d3dy53My5vcmcvMjAwMC9zdmciPjwvc3ZnPg==\" class=\"lazyload\" \/><\/figure>\n\n\n\n<p>Plen\u00e1rio da C\u00e2mara na vota\u00e7ao da reforma da Previd\u00eancia &#8211;&nbsp;<strong>Fabio Rodrigues Pozzebom\/Ag\u00eancia Brasil<\/strong><\/p>\n\n\n\n<p>A redu\u00e7\u00e3o da idade, no entanto, s\u00f3 valer\u00e1 para quem cumprir um ped\u00e1gio de 100% do tempo de contribui\u00e7\u00e3o que falta para aposentar-se: 25 anos para mulher e 30 anos para homem. Dessa forma, se faltarem tr\u00eas anos de contribui\u00e7\u00e3o pelas regras atuais, o policial ter\u00e1 de trabalhar seis anos para reduzir a idade m\u00ednima.<\/p>\n\n\n\n<p>A medida vale apenas para os profissionais que est\u00e3o na regra de transi\u00e7\u00e3o. Para os futuros policiais e agentes de seguran\u00e7a da Uni\u00e3o ou quem optar por n\u00e3o cumprir o ped\u00e1gio, foi mantida a idade m\u00ednima de 55 anos e o tempo de servi\u00e7o policial de 15 anos para os dois sexos.<\/p>\n\n\n\n<p>Apresentada pela bancada do Podemos, a emenda tinha&nbsp;<a href=\"http:\/\/agenciabrasil.ebc.com.br\/politica\/noticia\/2019-07\/lider-da-maioria-confirma-acordo-para-aposentadoria-de-policiais\" target=\"_blank\" rel=\"noreferrer noopener\">acordo para ser aprovada<\/a>. As condi\u00e7\u00f5es s\u00e3o as mesmas apresentadas na semana passada na comiss\u00e3o especial, onde o destaque&nbsp;<a href=\"http:\/\/agenciabrasil.ebc.com.br\/politica\/noticia\/2019-07\/comissao-rejeita-regras-especiais-de-aposentadoria-para-policiais\" target=\"_blank\" rel=\"noreferrer noopener\">havia sido rejeitado<\/a>.<\/p>\n\n\n\n<h2 class=\"wp-block-heading\">Destaques<\/h2>\n\n\n\n<p>Ainda faltam nove destaques e emendas para serem votados. L\u00edderes de alguns partidos concordaram em formar um bloco para unificar as orienta\u00e7\u00f5es de voto, com o l\u00edder de um partido falando em nome dos demais, para acelerar a sess\u00e3o. Em alguns casos, o bloco abrir\u00e1 m\u00e3o de encaminhar a orienta\u00e7\u00e3o \u00fanica.<\/p>\n\n\n\n<p>A discuss\u00e3o dos destaques come\u00e7ou por volta das 17h30 e s\u00f3 vai terminar na madrugada desta sexta (12). Os deputados ainda t\u00eam nove destaques e emendas para votar. O presidente da C\u00e2mara, Rodrigo Maia (DEM-RJ), prev\u00ea&nbsp;<a href=\"http:\/\/agenciabrasil.ebc.com.br\/politica\/noticia\/2019-07\/previdencia-maia-quer-concluir-votacao-em-dois-turnos-ate-sexta-feira\" target=\"_blank\" rel=\"noreferrer noopener\">encerrar a vota\u00e7\u00e3o, em segundo turno<\/a>, na sexta-feira \u00e0 noite ou na manh\u00e3 de s\u00e1bado (13).<\/p>\n","protected":false},"excerpt":{"rendered":"<p>O&nbsp;plen\u00e1rio da C\u00e2mara dos Deputados aprovou na madrugada de hoje (12), por 467 votos a 15, a emenda do Podemos que reduz a idade m\u00ednima&hellip; <\/p>\n","protected":false},"author":1,"featured_media":104371,"comment_status":"closed","ping_status":"closed","sticky":false,"template":"","format":"standard","meta":{"sfsi_plus_gutenberg_text_before_share":"","sfsi_plus_gutenberg_show_text_before_share":"","sfsi_plus_gutenberg_icon_type":"","sfsi_plus_gutenberg_icon_alignemt":"","sfsi_plus_gutenburg_max_per_row":"","footnotes":""},"categories":[11],"tags":[],"class_list":["post-104364","post","type-post","status-publish","format-standard","has-post-thumbnail","hentry","category-politica"],"_links":{"self":[{"href":"https:\/\/www.caririemacao.com\/1\/wp-json\/wp\/v2\/posts\/104364","targetHints":{"allow":["GET"]}}],"collection":[{"href":"https:\/\/www.caririemacao.com\/1\/wp-json\/wp\/v2\/posts"}],"about":[{"href":"https:\/\/www.caririemacao.com\/1\/wp-json\/wp\/v2\/types\/post"}],"author":[{"embeddable":true,"href":"https:\/\/www.caririemacao.com\/1\/wp-json\/wp\/v2\/users\/1"}],"replies":[{"embeddable":true,"href":"https:\/\/www.caririemacao.com\/1\/wp-json\/wp\/v2\/comments?post=104364"}],"version-history":[{"count":2,"href":"https:\/\/www.caririemacao.com\/1\/wp-json\/wp\/v2\/posts\/104364\/revisions"}],"predecessor-version":[{"id":104372,"href":"https:\/\/www.caririemacao.com\/1\/wp-json\/wp\/v2\/posts\/104364\/revisions\/104372"}],"wp:featuredmedia":[{"embeddable":true,"href":"https:\/\/www.caririemacao.com\/1\/wp-json\/wp\/v2\/media\/104371"}],"wp:attachment":[{"href":"https:\/\/www.caririemacao.com\/1\/wp-json\/wp\/v2\/media?parent=104364"}],"wp:term":[{"taxonomy":"category","embeddable":true,"href":"https:\/\/www.caririemacao.com\/1\/wp-json\/wp\/v2\/categories?post=104364"},{"taxonomy":"post_tag","embeddable":true,"href":"https:\/\/www.caririemacao.com\/1\/wp-json\/wp\/v2\/tags?post=104364"}],"curies":[{"name":"wp","href":"https:\/\/api.w.org\/{rel}","templated":true}]}}