{"id":104382,"date":"2019-07-12T08:26:15","date_gmt":"2019-07-12T11:26:15","guid":{"rendered":"http:\/\/www.caririemacao.com\/1\/?p=104382"},"modified":"2019-07-12T08:26:15","modified_gmt":"2019-07-12T11:26:15","slug":"anatel-autoriza-reajuste-de-tarifa-de-telefonia-fixa","status":"publish","type":"post","link":"https:\/\/www.caririemacao.com\/1\/2019\/07\/12\/anatel-autoriza-reajuste-de-tarifa-de-telefonia-fixa\/","title":{"rendered":"Anatel autoriza reajuste de tarifa de telefonia fixa"},"content":{"rendered":"\n<p>A Ag\u00eancia Nacional de Telecomunica\u00e7\u00f5es (Anatel) autorizou o reajuste dos planos b\u00e1sicos de telefonia fixa pelas concession\u00e1rias do servi\u00e7o (Oi, Telef\u00f4nica, Claro, Sercomtel e Algar). Os aumentos variam de 0,7% a 6,76%, a depender da empresa.<\/p>\n\n\n\n<p>A Anatel regula apenas as tarifas das chamadas concession\u00e1rias, empresas que assumiram o direito de explorar o servi\u00e7o utilizando infraestrutura da Uni\u00e3o antes controlada pelo extinto Sistema Telebr\u00e1s. Nesse caso, a lei imp\u00f5e uma s\u00e9rie de obriga\u00e7\u00f5es, entre elas a normatiza\u00e7\u00e3o das tarifas pela ag\u00eancia. Outras companhias podem oferecer o servi\u00e7o, mas como \u201cautorizat\u00e1rias\u201d e sem ter seus planos sujeitos a esse tipo de regras por parte do \u00f3rg\u00e3o.<\/p>\n\n\n\n<p>Pela decis\u00e3o do Conselho Diretor da Anatel, o reajuste ficar\u00e1 em 6% para a Oi (liga\u00e7\u00f5es locais em todo o pa\u00eds, \u00e0 exce\u00e7\u00e3o de S\u00e3o Paulo), 4,9% para a Telef\u00f4nica (liga\u00e7\u00f5es locais no estado de S\u00e3o Paulo), 6% para a Claro (chamadas de longa dist\u00e2ncia), 6,7% para a Sercomtel (liga\u00e7\u00f5es locais em cidades do Paran\u00e1) e 0,7% para a Algar (liga\u00e7\u00f5es locais em nove estados, especialmente no Centro-Oeste e Sudeste).<\/p>\n\n\n\n<p>A dire\u00e7\u00e3o da Anatel tamb\u00e9m definiu o reajuste de cart\u00f5es de telefones p\u00fablicos, mais conhecidos como \u201corelh\u00f5es\u201d. A modalidade mais simples, de 20 cr\u00e9ditos, passar\u00e1 a custar R$ 2,66.<\/p>\n\n\n\n<p>Apesar da presen\u00e7a muito mais forte da telefonia m\u00f3vel (com 228 milh\u00f5es de acessos ativos em maio de 2019), de acordo com a Anatel havia no mesmo per\u00edodo cerca de 35,9 milh\u00f5es de linhas ativas. A evolu\u00e7\u00e3o recente, no entanto, mostra decl\u00ednio do servi\u00e7o: em maio de 2018, eram 38,8 milh\u00f5es de telefones fixos em funcionamento.<\/p>\n","protected":false},"excerpt":{"rendered":"<p>A Ag\u00eancia Nacional de Telecomunica\u00e7\u00f5es (Anatel) autorizou o reajuste dos planos b\u00e1sicos de telefonia fixa pelas concession\u00e1rias do servi\u00e7o (Oi, Telef\u00f4nica, Claro, Sercomtel e Algar).&hellip; <\/p>\n","protected":false},"author":1,"featured_media":104383,"comment_status":"closed","ping_status":"closed","sticky":false,"template":"","format":"standard","meta":{"sfsi_plus_gutenberg_text_before_share":"","sfsi_plus_gutenberg_show_text_before_share":"","sfsi_plus_gutenberg_icon_type":"","sfsi_plus_gutenberg_icon_alignemt":"","sfsi_plus_gutenburg_max_per_row":"","footnotes":""},"categories":[2],"tags":[],"class_list":["post-104382","post","type-post","status-publish","format-standard","has-post-thumbnail","hentry","category-geral"],"_links":{"self":[{"href":"https:\/\/www.caririemacao.com\/1\/wp-json\/wp\/v2\/posts\/104382","targetHints":{"allow":["GET"]}}],"collection":[{"href":"https:\/\/www.caririemacao.com\/1\/wp-json\/wp\/v2\/posts"}],"about":[{"href":"https:\/\/www.caririemacao.com\/1\/wp-json\/wp\/v2\/types\/post"}],"author":[{"embeddable":true,"href":"https:\/\/www.caririemacao.com\/1\/wp-json\/wp\/v2\/users\/1"}],"replies":[{"embeddable":true,"href":"https:\/\/www.caririemacao.com\/1\/wp-json\/wp\/v2\/comments?post=104382"}],"version-history":[{"count":1,"href":"https:\/\/www.caririemacao.com\/1\/wp-json\/wp\/v2\/posts\/104382\/revisions"}],"predecessor-version":[{"id":104384,"href":"https:\/\/www.caririemacao.com\/1\/wp-json\/wp\/v2\/posts\/104382\/revisions\/104384"}],"wp:featuredmedia":[{"embeddable":true,"href":"https:\/\/www.caririemacao.com\/1\/wp-json\/wp\/v2\/media\/104383"}],"wp:attachment":[{"href":"https:\/\/www.caririemacao.com\/1\/wp-json\/wp\/v2\/media?parent=104382"}],"wp:term":[{"taxonomy":"category","embeddable":true,"href":"https:\/\/www.caririemacao.com\/1\/wp-json\/wp\/v2\/categories?post=104382"},{"taxonomy":"post_tag","embeddable":true,"href":"https:\/\/www.caririemacao.com\/1\/wp-json\/wp\/v2\/tags?post=104382"}],"curies":[{"name":"wp","href":"https:\/\/api.w.org\/{rel}","templated":true}]}}