{"id":104408,"date":"2019-07-12T10:11:41","date_gmt":"2019-07-12T13:11:41","guid":{"rendered":"http:\/\/www.caririemacao.com\/1\/?p=104408"},"modified":"2019-07-12T10:11:41","modified_gmt":"2019-07-12T13:11:41","slug":"menino-de-7-anos-encontrado-acorrentado-tera-que-passar-por-cirurgia-de-reconstrucao-do-couro-cabeludo","status":"publish","type":"post","link":"https:\/\/www.caririemacao.com\/1\/2019\/07\/12\/menino-de-7-anos-encontrado-acorrentado-tera-que-passar-por-cirurgia-de-reconstrucao-do-couro-cabeludo\/","title":{"rendered":"Menino de 7 anos encontrado acorrentado ter\u00e1 que passar por cirurgia de reconstru\u00e7\u00e3o do couro cabeludo"},"content":{"rendered":"\n<p>menino de sete anos que foi encontrado acorrentado dentro de casa em Boqueir\u00e3o, no Agreste da Para\u00edba, ter\u00e1 que passar por cirurgia pl\u00e1stica para reconstru\u00e7\u00e3o do couro cabeludo ap\u00f3s ser constatada queimadura. A equipe m\u00e9dica vai aguardar a cicatriza\u00e7\u00e3o para esse procedimento. A informa\u00e7\u00e3o consta no boletim m\u00e9dico do Hospital de Trauma de Campina Grande, divulgado nesta sexta-feira (12).<\/p>\n\n\n\n<p><strong>Saiba mais<\/strong><\/p>\n\n\n\n<p><a href=\"https:\/\/www.clickpb.com.br\/Policial\/mae-suspeita-de-acorrentar-e-torturar-menino-de-7-anos-tem-outro-filho-de-1-ano-e-seis-meses-263855.html\">M\u00e3e suspeita de acorrentar e torturar menino de 7 anos tem outro filho de 1 ano e seis meses<\/a><\/p>\n\n\n\n<p>Ainda no boletim, assinado pelo diretor t\u00e9cnico Gilney Porto, a crian\u00e7a segue internada com quadro de sa\u00fade est\u00e1vel, mas tem anemia, desnutri\u00e7\u00e3o, sinais de hematomas, escoria\u00e7\u00f5es e queimaduras em diversas partes do corpo, al\u00e9m do couro cabeludo.<\/p>\n\n\n\n<p>O menino foi internado no Trauma de Campina \u00e0s 22h50 da quarta-feira (10). A Pol\u00edcia Civil procura a m\u00e3e da crian\u00e7a, suspeita de torturar o menor.<br><\/p>\n","protected":false},"excerpt":{"rendered":"<p>menino de sete anos que foi encontrado acorrentado dentro de casa em Boqueir\u00e3o, no Agreste da Para\u00edba, ter\u00e1 que passar por cirurgia pl\u00e1stica para reconstru\u00e7\u00e3o&hellip; <\/p>\n","protected":false},"author":1,"featured_media":104409,"comment_status":"closed","ping_status":"closed","sticky":false,"template":"","format":"standard","meta":{"sfsi_plus_gutenberg_text_before_share":"","sfsi_plus_gutenberg_show_text_before_share":"","sfsi_plus_gutenberg_icon_type":"","sfsi_plus_gutenberg_icon_alignemt":"","sfsi_plus_gutenburg_max_per_row":"","footnotes":""},"categories":[12],"tags":[],"class_list":["post-104408","post","type-post","status-publish","format-standard","has-post-thumbnail","hentry","category-policia"],"_links":{"self":[{"href":"https:\/\/www.caririemacao.com\/1\/wp-json\/wp\/v2\/posts\/104408","targetHints":{"allow":["GET"]}}],"collection":[{"href":"https:\/\/www.caririemacao.com\/1\/wp-json\/wp\/v2\/posts"}],"about":[{"href":"https:\/\/www.caririemacao.com\/1\/wp-json\/wp\/v2\/types\/post"}],"author":[{"embeddable":true,"href":"https:\/\/www.caririemacao.com\/1\/wp-json\/wp\/v2\/users\/1"}],"replies":[{"embeddable":true,"href":"https:\/\/www.caririemacao.com\/1\/wp-json\/wp\/v2\/comments?post=104408"}],"version-history":[{"count":1,"href":"https:\/\/www.caririemacao.com\/1\/wp-json\/wp\/v2\/posts\/104408\/revisions"}],"predecessor-version":[{"id":104410,"href":"https:\/\/www.caririemacao.com\/1\/wp-json\/wp\/v2\/posts\/104408\/revisions\/104410"}],"wp:featuredmedia":[{"embeddable":true,"href":"https:\/\/www.caririemacao.com\/1\/wp-json\/wp\/v2\/media\/104409"}],"wp:attachment":[{"href":"https:\/\/www.caririemacao.com\/1\/wp-json\/wp\/v2\/media?parent=104408"}],"wp:term":[{"taxonomy":"category","embeddable":true,"href":"https:\/\/www.caririemacao.com\/1\/wp-json\/wp\/v2\/categories?post=104408"},{"taxonomy":"post_tag","embeddable":true,"href":"https:\/\/www.caririemacao.com\/1\/wp-json\/wp\/v2\/tags?post=104408"}],"curies":[{"name":"wp","href":"https:\/\/api.w.org\/{rel}","templated":true}]}}