{"id":104427,"date":"2019-07-12T13:54:57","date_gmt":"2019-07-12T16:54:57","guid":{"rendered":"http:\/\/www.caririemacao.com\/1\/?p=104427"},"modified":"2019-07-12T13:54:57","modified_gmt":"2019-07-12T16:54:57","slug":"sebrae-pb-reunira-agricultores-empresarios-e-gestores-publicos-em-evento-em-monteiro","status":"publish","type":"post","link":"https:\/\/www.caririemacao.com\/1\/2019\/07\/12\/sebrae-pb-reunira-agricultores-empresarios-e-gestores-publicos-em-evento-em-monteiro\/","title":{"rendered":"Sebrae-PB reunir\u00e1 agricultores, empres\u00e1rios e gestores p\u00fablicos em evento, em Monteiro"},"content":{"rendered":"\n<p>Modernizar os sistemas de compras governamentais e proporcionar aos pequenos neg\u00f3cios acesso mais r\u00e1pido \u00e0s oportunidades de participar das aquisi\u00e7\u00f5es p\u00fablicas. Essas s\u00e3o duas das principais finalidades do aplicativo Comprasnet Mobile, lan\u00e7ada este ano pelo governo federal. De acesso gratuito, a ferramenta, bem como seus benef\u00edcios e potencialidades, ser\u00e3o tema do Semin\u00e1rio de Compras Governamentais que o Sebrae Para\u00edba realiza no dia 18 de julho, no munic\u00edpio de Monteiro, no Cariri do estado.<\/p>\n\n\n\n<p>Com foco em empres\u00e1rios, agricultores e gestores p\u00fablicos da regi\u00e3o, o evento \u00e9 gratuito e j\u00e1 est\u00e1 com inscri\u00e7\u00f5es abertas. Para participar, basta acessar o site do Sebrae Para\u00edba, no endere\u00e7o https:\/\/loja.sebraepb.com.br\/loja\/evento\/2037617, e confirmar a inscri\u00e7\u00e3o. A programa\u00e7\u00e3o ter\u00e1 in\u00edcio \u00e0s 8h, no Clube Municipal de Monteiro.<\/p>\n\n\n\n<p>Al\u00e9m da palestra sobre o Comprasnet Mobile, que tamb\u00e9m vai tratar sobre a Rede Nacional de Compras e as estrat\u00e9gias para diversificar o mercado e ampliar as vendas, o semin\u00e1rio, apoiado pela Prefeitura de Monteiro, conta ainda com outras tr\u00eas atividades.<\/p>\n\n\n\n<p>Elas v\u00e3o abordar os temas \u201cCompras governamentais na era da transforma\u00e7\u00e3o digital: como acessar este mercado e ampliar suas vendas pela internet\u201d; \u201cAquisi\u00e7\u00e3o dos produtos da agricultura familiar para alimenta\u00e7\u00e3o escolar\u201d; e \u201cInova\u00e7\u00e3o nas compras governamentais: ferramentas e estrat\u00e9gias para compradores\u201d.<\/p>\n\n\n\n<p>De acordo com o analista do Sebrae Para\u00edba, Jucieux Palmeira, incentivar a participa\u00e7\u00e3o dos pequenos neg\u00f3cios nos processos de compras p\u00fablicas \u00e9 uma forma de contribuir com o fortalecimento da economia regional. \u201cO desenvolvimento sustent\u00e1vel de uma regi\u00e3o acontece, tamb\u00e9m, com a identifica\u00e7\u00e3o e a valoriza\u00e7\u00e3o dessas oportunidades que est\u00e3o dispon\u00edveis nos diversos setores locais\u201d, acrescentou.<\/p>\n\n\n\n<p><strong>Servi\u00e7o<\/strong><br>Semin\u00e1rio de Compras Governamentais<br>Data: 18 de julho<br>Hor\u00e1rio: 8h<br>Local: Clube Municipal de Monteiro<br>Inscri\u00e7\u00f5es: https:\/\/loja.sebraepb.com.br\/loja\/evento\/2037617<\/p>\n","protected":false},"excerpt":{"rendered":"<p>Modernizar os sistemas de compras governamentais e proporcionar aos pequenos neg\u00f3cios acesso mais r\u00e1pido \u00e0s oportunidades de participar das aquisi\u00e7\u00f5es p\u00fablicas. Essas s\u00e3o duas das&hellip; <\/p>\n","protected":false},"author":1,"featured_media":39888,"comment_status":"closed","ping_status":"closed","sticky":false,"template":"","format":"standard","meta":{"sfsi_plus_gutenberg_text_before_share":"","sfsi_plus_gutenberg_show_text_before_share":"","sfsi_plus_gutenberg_icon_type":"","sfsi_plus_gutenberg_icon_alignemt":"","sfsi_plus_gutenburg_max_per_row":"","footnotes":""},"categories":[6],"tags":[],"class_list":["post-104427","post","type-post","status-publish","format-standard","has-post-thumbnail","hentry","category-cidades"],"_links":{"self":[{"href":"https:\/\/www.caririemacao.com\/1\/wp-json\/wp\/v2\/posts\/104427","targetHints":{"allow":["GET"]}}],"collection":[{"href":"https:\/\/www.caririemacao.com\/1\/wp-json\/wp\/v2\/posts"}],"about":[{"href":"https:\/\/www.caririemacao.com\/1\/wp-json\/wp\/v2\/types\/post"}],"author":[{"embeddable":true,"href":"https:\/\/www.caririemacao.com\/1\/wp-json\/wp\/v2\/users\/1"}],"replies":[{"embeddable":true,"href":"https:\/\/www.caririemacao.com\/1\/wp-json\/wp\/v2\/comments?post=104427"}],"version-history":[{"count":1,"href":"https:\/\/www.caririemacao.com\/1\/wp-json\/wp\/v2\/posts\/104427\/revisions"}],"predecessor-version":[{"id":104428,"href":"https:\/\/www.caririemacao.com\/1\/wp-json\/wp\/v2\/posts\/104427\/revisions\/104428"}],"wp:featuredmedia":[{"embeddable":true,"href":"https:\/\/www.caririemacao.com\/1\/wp-json\/wp\/v2\/media\/39888"}],"wp:attachment":[{"href":"https:\/\/www.caririemacao.com\/1\/wp-json\/wp\/v2\/media?parent=104427"}],"wp:term":[{"taxonomy":"category","embeddable":true,"href":"https:\/\/www.caririemacao.com\/1\/wp-json\/wp\/v2\/categories?post=104427"},{"taxonomy":"post_tag","embeddable":true,"href":"https:\/\/www.caririemacao.com\/1\/wp-json\/wp\/v2\/tags?post=104427"}],"curies":[{"name":"wp","href":"https:\/\/api.w.org\/{rel}","templated":true}]}}