{"id":104434,"date":"2019-07-12T14:01:13","date_gmt":"2019-07-12T17:01:13","guid":{"rendered":"http:\/\/www.caririemacao.com\/1\/?p=104434"},"modified":"2019-07-12T14:01:13","modified_gmt":"2019-07-12T17:01:13","slug":"prefeitura-de-ss-do-umbuzeiro-apoia-realizacao-do-maior-festival-de-quadrilhas-do-nordeste-e-festejos-seguem-ate-o-final-de-julho","status":"publish","type":"post","link":"https:\/\/www.caririemacao.com\/1\/2019\/07\/12\/prefeitura-de-ss-do-umbuzeiro-apoia-realizacao-do-maior-festival-de-quadrilhas-do-nordeste-e-festejos-seguem-ate-o-final-de-julho\/","title":{"rendered":"Prefeitura de SS do Umbuzeiro apoia realiza\u00e7\u00e3o do maior festival de quadrilhas do Nordeste e festejos seguem at\u00e9 o final de Julho"},"content":{"rendered":"\n<figure class=\"wp-block-image\"><a href=\"https:\/\/1.bp.blogspot.com\/-fjaDyPlg9WI\/XSiOAOXHD2I\/AAAAAAAAGHs\/X1hmyIWH1eUwEk9QhgjVl0nmpd8kUCTzwCLcBGAs\/s1600\/2.jpg\"><img decoding=\"async\" data-src=\"https:\/\/1.bp.blogspot.com\/-fjaDyPlg9WI\/XSiOAOXHD2I\/AAAAAAAAGHs\/X1hmyIWH1eUwEk9QhgjVl0nmpd8kUCTzwCLcBGAs\/s280\/2.jpg\" alt=\"\" src=\"data:image\/svg+xml;base64,PHN2ZyB3aWR0aD0iMSIgaGVpZ2h0PSIxIiB4bWxucz0iaHR0cDovL3d3dy53My5vcmcvMjAwMC9zdmciPjwvc3ZnPg==\" class=\"lazyload\" \/><\/a><\/figure>\n\n\n\n<figure class=\"wp-block-image\"><a href=\"https:\/\/1.bp.blogspot.com\/-STPQQPQWn8s\/XSiOAI0PIfI\/AAAAAAAAGHw\/Cr1TN4W_hbkO-r63at7fihZo2yZlJxl3gCLcBGAs\/s1600\/3.jpg\"><img decoding=\"async\" data-src=\"https:\/\/1.bp.blogspot.com\/-STPQQPQWn8s\/XSiOAI0PIfI\/AAAAAAAAGHw\/Cr1TN4W_hbkO-r63at7fihZo2yZlJxl3gCLcBGAs\/s280\/3.jpg\" alt=\"\" src=\"data:image\/svg+xml;base64,PHN2ZyB3aWR0aD0iMSIgaGVpZ2h0PSIxIiB4bWxucz0iaHR0cDovL3d3dy53My5vcmcvMjAwMC9zdmciPjwvc3ZnPg==\" class=\"lazyload\" \/><\/a><\/figure>\n\n\n\n<figure class=\"wp-block-image\"><a href=\"https:\/\/1.bp.blogspot.com\/-kjZetmWASYI\/XSiOA8ytGsI\/AAAAAAAAGH0\/kwzEnTNibEsty7aeNDdwiVeWyOB1N_JZQCLcBGAs\/s1600\/4.jpg\"><img decoding=\"async\" data-src=\"https:\/\/1.bp.blogspot.com\/-kjZetmWASYI\/XSiOA8ytGsI\/AAAAAAAAGH0\/kwzEnTNibEsty7aeNDdwiVeWyOB1N_JZQCLcBGAs\/s280\/4.jpg\" alt=\"\" src=\"data:image\/svg+xml;base64,PHN2ZyB3aWR0aD0iMSIgaGVpZ2h0PSIxIiB4bWxucz0iaHR0cDovL3d3dy53My5vcmcvMjAwMC9zdmciPjwvc3ZnPg==\" class=\"lazyload\" \/><\/a><\/figure>\n\n\n\n<p>O S\u00e3o Jo\u00e3o passou, mas quem disse que o per\u00edodo de quadrilhas acabou?<br>Quem n\u00e3o conseguiu curtir, pode se animar que ainda tem muito tempo para se deliciar com as tradicionais festas julinas, que s\u00e3o realizadas na cidade de SS do Umbuzeiro, no maior festival de quadrilhas do Nordeste.<br>At\u00e9 o Dia 27 de Julho, o forr\u00f3 vai tocar e muita gente vai dan\u00e7ar em S\u00e3o Sebasti\u00e3o do Umbuzeiro.<br>Ainda haver\u00e1 festividades nos seguintes locais de datas:<br><\/p>\n\n\n\n<ul class=\"wp-block-list\"><li>Dia 12- Rancho Bernadete, no S\u00edtio de Toinho de D\u00eate<\/li><li>Dia 20- Arraial da Rua Manuel Figueredo- Na organiza\u00e7\u00e3o de Manuela e Eliane<\/li><li>Dia 26- Arrai\u00e1 da Rua Abel Costa- Na organiza\u00e7\u00e3o de Maria de Z\u00e9 Afonso, Romero e fam\u00edlia<\/li><li>Dia 27- Quadrilha do B\u00eaco Tut\u00fa- Na organiza\u00e7\u00e3o de Regina e Edevi.<\/li><\/ul>\n\n\n\n<p>Todos os eventos t\u00eam o apoio da Prefeitura Municipal de S\u00e3o Sebasti\u00e3o do Umbuzeiro gra\u00e7as ao empenho do prefeito Adriano Wolff, vereadores e toda a sua equipe.<\/p>\n","protected":false},"excerpt":{"rendered":"<p>O S\u00e3o Jo\u00e3o passou, mas quem disse que o per\u00edodo de quadrilhas acabou?Quem n\u00e3o conseguiu curtir, pode se animar que ainda tem muito tempo para&hellip; <\/p>\n","protected":false},"author":1,"featured_media":104435,"comment_status":"closed","ping_status":"closed","sticky":false,"template":"","format":"standard","meta":{"sfsi_plus_gutenberg_text_before_share":"","sfsi_plus_gutenberg_show_text_before_share":"","sfsi_plus_gutenberg_icon_type":"","sfsi_plus_gutenberg_icon_alignemt":"","sfsi_plus_gutenburg_max_per_row":"","footnotes":""},"categories":[6,50],"tags":[],"class_list":["post-104434","post","type-post","status-publish","format-standard","has-post-thumbnail","hentry","category-cidades","category-destaque"],"_links":{"self":[{"href":"https:\/\/www.caririemacao.com\/1\/wp-json\/wp\/v2\/posts\/104434","targetHints":{"allow":["GET"]}}],"collection":[{"href":"https:\/\/www.caririemacao.com\/1\/wp-json\/wp\/v2\/posts"}],"about":[{"href":"https:\/\/www.caririemacao.com\/1\/wp-json\/wp\/v2\/types\/post"}],"author":[{"embeddable":true,"href":"https:\/\/www.caririemacao.com\/1\/wp-json\/wp\/v2\/users\/1"}],"replies":[{"embeddable":true,"href":"https:\/\/www.caririemacao.com\/1\/wp-json\/wp\/v2\/comments?post=104434"}],"version-history":[{"count":1,"href":"https:\/\/www.caririemacao.com\/1\/wp-json\/wp\/v2\/posts\/104434\/revisions"}],"predecessor-version":[{"id":104436,"href":"https:\/\/www.caririemacao.com\/1\/wp-json\/wp\/v2\/posts\/104434\/revisions\/104436"}],"wp:featuredmedia":[{"embeddable":true,"href":"https:\/\/www.caririemacao.com\/1\/wp-json\/wp\/v2\/media\/104435"}],"wp:attachment":[{"href":"https:\/\/www.caririemacao.com\/1\/wp-json\/wp\/v2\/media?parent=104434"}],"wp:term":[{"taxonomy":"category","embeddable":true,"href":"https:\/\/www.caririemacao.com\/1\/wp-json\/wp\/v2\/categories?post=104434"},{"taxonomy":"post_tag","embeddable":true,"href":"https:\/\/www.caririemacao.com\/1\/wp-json\/wp\/v2\/tags?post=104434"}],"curies":[{"name":"wp","href":"https:\/\/api.w.org\/{rel}","templated":true}]}}