{"id":104442,"date":"2019-07-12T14:03:54","date_gmt":"2019-07-12T17:03:54","guid":{"rendered":"http:\/\/www.caririemacao.com\/1\/?p=104442"},"modified":"2019-07-12T14:03:54","modified_gmt":"2019-07-12T17:03:54","slug":"secretario-confirma-caso-nao-haja-desbloqueio-dos-recursos-ufcg-ira-parar","status":"publish","type":"post","link":"https:\/\/www.caririemacao.com\/1\/2019\/07\/12\/secretario-confirma-caso-nao-haja-desbloqueio-dos-recursos-ufcg-ira-parar\/","title":{"rendered":"Secret\u00e1rio confirma: caso n\u00e3o haja desbloqueio dos recursos, UFCG ir\u00e1 parar"},"content":{"rendered":"\n<p><br>Recentemente o reitor da Universidade Federal de Campina Grande (UFCG), Vicem\u00e1rio Sim\u00f5es, falou que o prazo m\u00e1ximo previsto para que a institui\u00e7\u00e3o funcione \u00e9 o m\u00eas de setembro. O motivo da paralisa\u00e7\u00e3o das atividades seria o contingenciamento de recursos feito pelo governo federal.<\/p>\n\n\n\n<p>Em entrevista concedida \u00e0 R\u00e1dio Correio FM, o professor e secret\u00e1rio de planejamento da UFCG, Camilo Farias, contou que se n\u00e3o houver a reposi\u00e7\u00e3o dos R$ 27 milh\u00f5es, que equivalem, segundo ele, a 30% da verba da institui\u00e7\u00e3o, as atividades realmente v\u00e3o ser interrompidas.<\/p>\n\n\n\n<figure class=\"wp-block-image\"><img decoding=\"async\" data-src=\"https:\/\/paraibaonline.com.br\/wp-content\/uploads\/2016\/04\/4790f4d6-22a5-4740-a9cd-f7db23a6a9da.jpg\" alt=\"Foto: Ascom\" class=\"wp-image-56776 lazyload\" src=\"data:image\/svg+xml;base64,PHN2ZyB3aWR0aD0iMSIgaGVpZ2h0PSIxIiB4bWxucz0iaHR0cDovL3d3dy53My5vcmcvMjAwMC9zdmciPjwvc3ZnPg==\" \/><\/figure>\n\n\n\n<p>Foto: Ascom<\/p>\n\n\n\n<p>O professor falou tamb\u00e9m que essa porcentagem \u00e9 utilizada em atividades de capital e custeio da universidade, que s\u00e3o, respectivamente, os recursos aplicados no patrim\u00f4nio como obras, mobili\u00e1rio, livros e computadores; e os recursos que impactam os servi\u00e7os de conserva\u00e7\u00e3o como limpeza, vigil\u00e2ncia patrimonial, al\u00e9m de \u00e1gua e energia.<\/p>\n\n\n\n<p>O secret\u00e1rio explicou que todas essas atividades ser\u00e3o afetadas, mas que os chamados recursos obrigat\u00f3rios, como aux\u00edlio-alimenta\u00e7\u00e3o, aux\u00edlio-moradia, aux\u00edlio-transporte n\u00e3o ser\u00e3o atingidos. Por fim, ele contou tamb\u00e9m que o objetivo agora \u00e9 mobilizar os parlamentares para que o governo federal reveja a decis\u00e3o.<\/p>\n\n\n\n<p>\u2013 Conseguimos uma reuni\u00e3o junto ao ministro, com os reitores das universidades e com os parlamentares, a bancada paraibana inteira. Infelizmente nem todos puderam comparecer, mas a reuni\u00e3o foi capitaneada pelos parlamentares. Nessa reuni\u00e3o, infelizmente, a gente n\u00e3o teve uma sinaliza\u00e7\u00e3o que esse desbloqueio aconteceria o mais r\u00e1pido poss\u00edvel \u2013 finalizou.<\/p>\n","protected":false},"excerpt":{"rendered":"<p>Recentemente o reitor da Universidade Federal de Campina Grande (UFCG), Vicem\u00e1rio Sim\u00f5es, falou que o prazo m\u00e1ximo previsto para que a institui\u00e7\u00e3o funcione \u00e9 o&hellip; <\/p>\n","protected":false},"author":1,"featured_media":103353,"comment_status":"closed","ping_status":"closed","sticky":false,"template":"","format":"standard","meta":{"sfsi_plus_gutenberg_text_before_share":"","sfsi_plus_gutenberg_show_text_before_share":"","sfsi_plus_gutenberg_icon_type":"","sfsi_plus_gutenberg_icon_alignemt":"","sfsi_plus_gutenburg_max_per_row":"","footnotes":""},"categories":[14],"tags":[],"class_list":["post-104442","post","type-post","status-publish","format-standard","has-post-thumbnail","hentry","category-educacao"],"_links":{"self":[{"href":"https:\/\/www.caririemacao.com\/1\/wp-json\/wp\/v2\/posts\/104442","targetHints":{"allow":["GET"]}}],"collection":[{"href":"https:\/\/www.caririemacao.com\/1\/wp-json\/wp\/v2\/posts"}],"about":[{"href":"https:\/\/www.caririemacao.com\/1\/wp-json\/wp\/v2\/types\/post"}],"author":[{"embeddable":true,"href":"https:\/\/www.caririemacao.com\/1\/wp-json\/wp\/v2\/users\/1"}],"replies":[{"embeddable":true,"href":"https:\/\/www.caririemacao.com\/1\/wp-json\/wp\/v2\/comments?post=104442"}],"version-history":[{"count":1,"href":"https:\/\/www.caririemacao.com\/1\/wp-json\/wp\/v2\/posts\/104442\/revisions"}],"predecessor-version":[{"id":104443,"href":"https:\/\/www.caririemacao.com\/1\/wp-json\/wp\/v2\/posts\/104442\/revisions\/104443"}],"wp:featuredmedia":[{"embeddable":true,"href":"https:\/\/www.caririemacao.com\/1\/wp-json\/wp\/v2\/media\/103353"}],"wp:attachment":[{"href":"https:\/\/www.caririemacao.com\/1\/wp-json\/wp\/v2\/media?parent=104442"}],"wp:term":[{"taxonomy":"category","embeddable":true,"href":"https:\/\/www.caririemacao.com\/1\/wp-json\/wp\/v2\/categories?post=104442"},{"taxonomy":"post_tag","embeddable":true,"href":"https:\/\/www.caririemacao.com\/1\/wp-json\/wp\/v2\/tags?post=104442"}],"curies":[{"name":"wp","href":"https:\/\/api.w.org\/{rel}","templated":true}]}}