{"id":104459,"date":"2019-07-12T14:28:51","date_gmt":"2019-07-12T17:28:51","guid":{"rendered":"http:\/\/www.caririemacao.com\/1\/?p=104459"},"modified":"2019-07-12T14:28:51","modified_gmt":"2019-07-12T17:28:51","slug":"crianca-morre-afogada-em-cidade-do-cariri-apos-cair-dentro-de-cisterna","status":"publish","type":"post","link":"https:\/\/www.caririemacao.com\/1\/2019\/07\/12\/crianca-morre-afogada-em-cidade-do-cariri-apos-cair-dentro-de-cisterna\/","title":{"rendered":"Crian\u00e7a morre afogada em cidade do Cariri ap\u00f3s cair dentro de cisterna"},"content":{"rendered":"\n<p>Uma verdadeira trag\u00e9dia chocou toda a popula\u00e7\u00e3o na noite desta quinta-feira(11) na cidade de Alcantil, que fica localizada no Cariri paraibano.<\/p>\n\n\n\n<p>Uma crian\u00e7a de apenas um ano e oito meses morreu afogada ap\u00f3s cair dentro de uma cisterna. De acordo com as informa\u00e7\u00f5es, a crian\u00e7a teria fugido sem a m\u00e3e perceber e foi encontrada j\u00e1 sem vida em uma cisterna que pertence ao vizinho da m\u00e3e da crian\u00e7a, que fica localizada na Rua Manoel Arruda, no centro da cidade.<\/p>\n\n\n\n<p>A Pol\u00edcia Militar esteve no local do incidente e aguarda pela chegada do IML para levar o corpo da crian\u00e7a para Campina Grande. A triste not\u00edcia pegou os familiares, amigos e toda popula\u00e7\u00e3o de surpresa, que lamentam pela grande trag\u00e9dia ocorrida.<\/p>\n","protected":false},"excerpt":{"rendered":"<p>Uma verdadeira trag\u00e9dia chocou toda a popula\u00e7\u00e3o na noite desta quinta-feira(11) na cidade de Alcantil, que fica localizada no Cariri paraibano. Uma crian\u00e7a de apenas&hellip; <\/p>\n","protected":false},"author":1,"featured_media":104460,"comment_status":"closed","ping_status":"closed","sticky":false,"template":"","format":"standard","meta":{"sfsi_plus_gutenberg_text_before_share":"","sfsi_plus_gutenberg_show_text_before_share":"","sfsi_plus_gutenberg_icon_type":"","sfsi_plus_gutenberg_icon_alignemt":"","sfsi_plus_gutenburg_max_per_row":"","footnotes":""},"categories":[50,12],"tags":[],"class_list":["post-104459","post","type-post","status-publish","format-standard","has-post-thumbnail","hentry","category-destaque","category-policia"],"_links":{"self":[{"href":"https:\/\/www.caririemacao.com\/1\/wp-json\/wp\/v2\/posts\/104459","targetHints":{"allow":["GET"]}}],"collection":[{"href":"https:\/\/www.caririemacao.com\/1\/wp-json\/wp\/v2\/posts"}],"about":[{"href":"https:\/\/www.caririemacao.com\/1\/wp-json\/wp\/v2\/types\/post"}],"author":[{"embeddable":true,"href":"https:\/\/www.caririemacao.com\/1\/wp-json\/wp\/v2\/users\/1"}],"replies":[{"embeddable":true,"href":"https:\/\/www.caririemacao.com\/1\/wp-json\/wp\/v2\/comments?post=104459"}],"version-history":[{"count":1,"href":"https:\/\/www.caririemacao.com\/1\/wp-json\/wp\/v2\/posts\/104459\/revisions"}],"predecessor-version":[{"id":104461,"href":"https:\/\/www.caririemacao.com\/1\/wp-json\/wp\/v2\/posts\/104459\/revisions\/104461"}],"wp:featuredmedia":[{"embeddable":true,"href":"https:\/\/www.caririemacao.com\/1\/wp-json\/wp\/v2\/media\/104460"}],"wp:attachment":[{"href":"https:\/\/www.caririemacao.com\/1\/wp-json\/wp\/v2\/media?parent=104459"}],"wp:term":[{"taxonomy":"category","embeddable":true,"href":"https:\/\/www.caririemacao.com\/1\/wp-json\/wp\/v2\/categories?post=104459"},{"taxonomy":"post_tag","embeddable":true,"href":"https:\/\/www.caririemacao.com\/1\/wp-json\/wp\/v2\/tags?post=104459"}],"curies":[{"name":"wp","href":"https:\/\/api.w.org\/{rel}","templated":true}]}}