{"id":104467,"date":"2019-07-12T15:15:34","date_gmt":"2019-07-12T18:15:34","guid":{"rendered":"http:\/\/www.caririemacao.com\/1\/?p=104467"},"modified":"2019-07-12T15:15:34","modified_gmt":"2019-07-12T18:15:34","slug":"camara-do-congo-realiza-reuniao-e-aprova-requerimentos-e-importantes-projetos-para-a-populacao","status":"publish","type":"post","link":"https:\/\/www.caririemacao.com\/1\/2019\/07\/12\/camara-do-congo-realiza-reuniao-e-aprova-requerimentos-e-importantes-projetos-para-a-populacao\/","title":{"rendered":"C\u00e2mara do Congo realiza reuni\u00e3o e aprova requerimentos e importantes projetos para a popula\u00e7\u00e3o"},"content":{"rendered":"\n<p>Em mais uma reuni\u00e3o, nesta quinta-feira, dia 11, os vereadores do Congo aprovaram tr\u00eas requerimentos e dois projetos.<\/p>\n\n\n\n<figure class=\"wp-block-image\"><img fetchpriority=\"high\" decoding=\"async\" width=\"1024\" height=\"682\" src=\"http:\/\/www.caririemacao.com\/1\/wp-content\/uploads\/2019\/07\/DSC_0056-1024x682.jpg\" alt=\"\" class=\"wp-image-104469\" srcset=\"https:\/\/www.caririemacao.com\/1\/wp-content\/uploads\/2019\/07\/DSC_0056-1024x682.jpg 1024w, https:\/\/www.caririemacao.com\/1\/wp-content\/uploads\/2019\/07\/DSC_0056-300x200.jpg 300w, https:\/\/www.caririemacao.com\/1\/wp-content\/uploads\/2019\/07\/DSC_0056-768x512.jpg 768w, https:\/\/www.caririemacao.com\/1\/wp-content\/uploads\/2019\/07\/DSC_0056.jpg 1280w\" sizes=\"(max-width: 1024px) 100vw, 1024px\" \/><\/figure>\n\n\n\n<p>Na reuni\u00e3o, o vereador Fabiano Bolacha apresentou um projeto\nde lei que isenta a taxa de inscri\u00e7\u00e3o em concursos p\u00fablicos realizados pelo\nmunic\u00edpio de Congo-PB, para pessoas regulamente inscritas no Cadastro \u00danico\npara Programas Sociais do Governo Federal (Cad Unico) e se for membro de\nfam\u00edlia de baixa renda. O projeto foi aprovado.<\/p>\n\n\n\n<p>Fabiano ainda requereu o concerto do carro-pipa do PAC. Segundo ele, \u00e9 de grande import\u00e2ncia para o munic\u00edpio que a prefeitura junto ao departamento de transportes fa\u00e7a a manuten\u00e7\u00e3o do carro-pipa do PAC pois est\u00e1 chegando o per\u00edodo de estiagem e a popula\u00e7\u00e3o da Zona Rural vai precisar de abastecimento em suas cisternas.<\/p>\n\n\n\n<figure class=\"wp-block-image\"><img decoding=\"async\" width=\"1024\" height=\"682\" data-src=\"http:\/\/www.caririemacao.com\/1\/wp-content\/uploads\/2019\/07\/DSC_0021-1024x682.jpg\" alt=\"\" class=\"wp-image-104470 lazyload\" data-srcset=\"https:\/\/www.caririemacao.com\/1\/wp-content\/uploads\/2019\/07\/DSC_0021-1024x682.jpg 1024w, https:\/\/www.caririemacao.com\/1\/wp-content\/uploads\/2019\/07\/DSC_0021-300x200.jpg 300w, https:\/\/www.caririemacao.com\/1\/wp-content\/uploads\/2019\/07\/DSC_0021-768x512.jpg 768w, https:\/\/www.caririemacao.com\/1\/wp-content\/uploads\/2019\/07\/DSC_0021.jpg 1280w\" data-sizes=\"(max-width: 1024px) 100vw, 1024px\" src=\"data:image\/svg+xml;base64,PHN2ZyB3aWR0aD0iMSIgaGVpZ2h0PSIxIiB4bWxucz0iaHR0cDovL3d3dy53My5vcmcvMjAwMC9zdmciPjwvc3ZnPg==\" style=\"--smush-placeholder-width: 1024px; --smush-placeholder-aspect-ratio: 1024\/682;\" \/><\/figure>\n\n\n\n<p>Tamb\u00e9m foi aprovado o decreto de autoria do vereador e\npresidente Lenilson Bezerra, o \u201cC\u00e2mara Itinerante\u201d, visando o atendimento e a\nintegra\u00e7\u00e3o dos mun\u00edcipes junto \u00e0s a\u00e7\u00f5es do Poder Legislativo Municipal. O\nprojeto foi aprovado com sete votos (Lenilson, Dera, Juc\u00e9lio, Mi, Tim\u00f3teo,\nJorge e Fabiano) e votaram contra os vereadores Pinga Fogo e Basti\u00e3o Tic\u00f3.<\/p>\n\n\n\n<p>Lenilson ainda teve um requerimento aprovado que pede o concerto da p\u00e1 carregadeira do PAC para atender melhor \u00e0s necessidades de infraestrutura do Munic\u00edpio.<\/p>\n\n\n\n<figure class=\"wp-block-image\"><img decoding=\"async\" width=\"1024\" height=\"682\" data-src=\"http:\/\/www.caririemacao.com\/1\/wp-content\/uploads\/2019\/07\/DSC_0080-1-1024x682.jpg\" alt=\"\" class=\"wp-image-104471 lazyload\" data-srcset=\"https:\/\/www.caririemacao.com\/1\/wp-content\/uploads\/2019\/07\/DSC_0080-1-1024x682.jpg 1024w, https:\/\/www.caririemacao.com\/1\/wp-content\/uploads\/2019\/07\/DSC_0080-1-300x200.jpg 300w, https:\/\/www.caririemacao.com\/1\/wp-content\/uploads\/2019\/07\/DSC_0080-1-768x512.jpg 768w, https:\/\/www.caririemacao.com\/1\/wp-content\/uploads\/2019\/07\/DSC_0080-1.jpg 1280w\" data-sizes=\"(max-width: 1024px) 100vw, 1024px\" src=\"data:image\/svg+xml;base64,PHN2ZyB3aWR0aD0iMSIgaGVpZ2h0PSIxIiB4bWxucz0iaHR0cDovL3d3dy53My5vcmcvMjAwMC9zdmciPjwvc3ZnPg==\" style=\"--smush-placeholder-width: 1024px; --smush-placeholder-aspect-ratio: 1024\/682;\" \/><\/figure>\n\n\n\n<p>Por \u00faltimo, os vereadores aprovaram dois requerimentos do vereador Tim\u00f3teo, o primeiro a constru\u00e7\u00e3o de uma pra\u00e7a na comunidade Tapera e o segundo a constru\u00e7\u00e3o de um minicampo de futebol na Lagoa da ilha.<\/p>\n\n\n\n<p><a href=\"https:\/\/www.facebook.com\/pg\/CaririEmAcao\/photos\/?tab=album&amp;album_id=1595393810596636\">CLIQUE AQUI E VEJA TODAS AS FOTOS.<\/a><\/p>\n","protected":false},"excerpt":{"rendered":"<p>Em mais uma reuni\u00e3o, nesta quinta-feira, dia 11, os vereadores do Congo aprovaram tr\u00eas requerimentos e dois projetos. Na reuni\u00e3o, o vereador Fabiano Bolacha apresentou&hellip; <\/p>\n","protected":false},"author":2,"featured_media":104468,"comment_status":"closed","ping_status":"closed","sticky":false,"template":"","format":"standard","meta":{"sfsi_plus_gutenberg_text_before_share":"","sfsi_plus_gutenberg_show_text_before_share":"","sfsi_plus_gutenberg_icon_type":"","sfsi_plus_gutenberg_icon_alignemt":"","sfsi_plus_gutenburg_max_per_row":"","footnotes":""},"categories":[50,2],"tags":[],"class_list":["post-104467","post","type-post","status-publish","format-standard","has-post-thumbnail","hentry","category-destaque","category-geral"],"_links":{"self":[{"href":"https:\/\/www.caririemacao.com\/1\/wp-json\/wp\/v2\/posts\/104467","targetHints":{"allow":["GET"]}}],"collection":[{"href":"https:\/\/www.caririemacao.com\/1\/wp-json\/wp\/v2\/posts"}],"about":[{"href":"https:\/\/www.caririemacao.com\/1\/wp-json\/wp\/v2\/types\/post"}],"author":[{"embeddable":true,"href":"https:\/\/www.caririemacao.com\/1\/wp-json\/wp\/v2\/users\/2"}],"replies":[{"embeddable":true,"href":"https:\/\/www.caririemacao.com\/1\/wp-json\/wp\/v2\/comments?post=104467"}],"version-history":[{"count":1,"href":"https:\/\/www.caririemacao.com\/1\/wp-json\/wp\/v2\/posts\/104467\/revisions"}],"predecessor-version":[{"id":104472,"href":"https:\/\/www.caririemacao.com\/1\/wp-json\/wp\/v2\/posts\/104467\/revisions\/104472"}],"wp:featuredmedia":[{"embeddable":true,"href":"https:\/\/www.caririemacao.com\/1\/wp-json\/wp\/v2\/media\/104468"}],"wp:attachment":[{"href":"https:\/\/www.caririemacao.com\/1\/wp-json\/wp\/v2\/media?parent=104467"}],"wp:term":[{"taxonomy":"category","embeddable":true,"href":"https:\/\/www.caririemacao.com\/1\/wp-json\/wp\/v2\/categories?post=104467"},{"taxonomy":"post_tag","embeddable":true,"href":"https:\/\/www.caririemacao.com\/1\/wp-json\/wp\/v2\/tags?post=104467"}],"curies":[{"name":"wp","href":"https:\/\/api.w.org\/{rel}","templated":true}]}}