{"id":104477,"date":"2019-07-12T15:38:34","date_gmt":"2019-07-12T18:38:34","guid":{"rendered":"http:\/\/www.caririemacao.com\/1\/?p=104477"},"modified":"2019-07-12T15:38:34","modified_gmt":"2019-07-12T18:38:34","slug":"direcao-da-escola-juarez-maracaja-parabeniza-alunos-e-professores-pela-aprovacao-dos-alunos-no-gira-mundo","status":"publish","type":"post","link":"https:\/\/www.caririemacao.com\/1\/2019\/07\/12\/direcao-da-escola-juarez-maracaja-parabeniza-alunos-e-professores-pela-aprovacao-dos-alunos-no-gira-mundo\/","title":{"rendered":"Dire\u00e7\u00e3o da Escola Juarez Maracaj\u00e1 parabeniza alunos e professores pela aprova\u00e7\u00e3o dos alunos no Gira Mundo"},"content":{"rendered":"\n<p>A diretora da Escola Juarez Maracaj\u00e1, Ana Lu\u00edza, agradeceu o empenho e a dedica\u00e7\u00e3o dos alunos e professores do educand\u00e1rio pelo resultado obtido no Programa Gira Mundo. No total, foram selecionados dois alunos (Alessandra e Leonardo).<\/p>\n\n\n\n<p>\u201cFiquei muito feliz com o resultado final da sele\u00e7\u00e3o 2019\npara interc\u00e2mbio estudantil. Ap\u00f3s lograrem \u00eaxito nas tr\u00eas etapas do processo,\ndois alunos da Escola Juarez Maracaj\u00e1 foram aprovados para irem para a\nArgentina e o Chile!&nbsp;Alessandra (Argentina) e Leonardo (Chile) ir\u00e3o cursar\no segundo semestre letivo desse ano nos pa\u00edses para os quais foram\nselecionados. Estamos muito felizes pela conquista de voc\u00eas! Desejamos muito\nsucesso no interc\u00e2mbio que ter\u00e1 in\u00edcio nos pr\u00f3ximos meses!\u201d, concluiu.<\/p>\n","protected":false},"excerpt":{"rendered":"<p>A diretora da Escola Juarez Maracaj\u00e1, Ana Lu\u00edza, agradeceu o empenho e a dedica\u00e7\u00e3o dos alunos e professores do educand\u00e1rio pelo resultado obtido no Programa&hellip; <\/p>\n","protected":false},"author":2,"featured_media":104478,"comment_status":"closed","ping_status":"closed","sticky":false,"template":"","format":"standard","meta":{"sfsi_plus_gutenberg_text_before_share":"","sfsi_plus_gutenberg_show_text_before_share":"","sfsi_plus_gutenberg_icon_type":"","sfsi_plus_gutenberg_icon_alignemt":"","sfsi_plus_gutenburg_max_per_row":"","footnotes":""},"categories":[50,14],"tags":[],"class_list":["post-104477","post","type-post","status-publish","format-standard","has-post-thumbnail","hentry","category-destaque","category-educacao"],"_links":{"self":[{"href":"https:\/\/www.caririemacao.com\/1\/wp-json\/wp\/v2\/posts\/104477","targetHints":{"allow":["GET"]}}],"collection":[{"href":"https:\/\/www.caririemacao.com\/1\/wp-json\/wp\/v2\/posts"}],"about":[{"href":"https:\/\/www.caririemacao.com\/1\/wp-json\/wp\/v2\/types\/post"}],"author":[{"embeddable":true,"href":"https:\/\/www.caririemacao.com\/1\/wp-json\/wp\/v2\/users\/2"}],"replies":[{"embeddable":true,"href":"https:\/\/www.caririemacao.com\/1\/wp-json\/wp\/v2\/comments?post=104477"}],"version-history":[{"count":1,"href":"https:\/\/www.caririemacao.com\/1\/wp-json\/wp\/v2\/posts\/104477\/revisions"}],"predecessor-version":[{"id":104479,"href":"https:\/\/www.caririemacao.com\/1\/wp-json\/wp\/v2\/posts\/104477\/revisions\/104479"}],"wp:featuredmedia":[{"embeddable":true,"href":"https:\/\/www.caririemacao.com\/1\/wp-json\/wp\/v2\/media\/104478"}],"wp:attachment":[{"href":"https:\/\/www.caririemacao.com\/1\/wp-json\/wp\/v2\/media?parent=104477"}],"wp:term":[{"taxonomy":"category","embeddable":true,"href":"https:\/\/www.caririemacao.com\/1\/wp-json\/wp\/v2\/categories?post=104477"},{"taxonomy":"post_tag","embeddable":true,"href":"https:\/\/www.caririemacao.com\/1\/wp-json\/wp\/v2\/tags?post=104477"}],"curies":[{"name":"wp","href":"https:\/\/api.w.org\/{rel}","templated":true}]}}