{"id":104481,"date":"2019-07-12T16:38:04","date_gmt":"2019-07-12T19:38:04","guid":{"rendered":"http:\/\/www.caririemacao.com\/1\/?p=104481"},"modified":"2019-07-12T16:38:04","modified_gmt":"2019-07-12T19:38:04","slug":"nao-estou-preocupado-com-critica-diz-bolsonaro-sobre-indicacao-de-filho-como-embaixador","status":"publish","type":"post","link":"https:\/\/www.caririemacao.com\/1\/2019\/07\/12\/nao-estou-preocupado-com-critica-diz-bolsonaro-sobre-indicacao-de-filho-como-embaixador\/","title":{"rendered":"N\u00e3o estou preocupado com cr\u00edtica, diz Bolsonaro sobre indica\u00e7\u00e3o de filho como embaixador"},"content":{"rendered":"\n<p>O presidente Jair Bolsonaro (PSL) disse nesta sexta-feira (12) que n\u00e3o est\u00e1 preocupado com as cr\u00edticas que vem recebendo desde a noite de quinta-feira (11), quando admitiu que cogita indicar um de seus filhos, o deputado federal Eduardo Bolsonaro (PSL-SP), como embaixador do Brasil nos Estados Unidos.<\/p>\n\n\n\n<p>Em uma live ao lado do ap\u00f3stolo Valdemiro Santiago, fundador da Igreja Mundial do Poder de Deus, e do deputado federal Mission\u00e1rio Jos\u00e9 Olimpio (DEM-SP), ligado \u00e0 mesma igreja, Bolsonaro rebateu as acusa\u00e7\u00f5es de que a poss\u00edvel indica\u00e7\u00e3o se trata de nepotismo e defendeu o curr\u00edculo do filho.<\/p>\n\n\n\n<p>Citou, entre o que considera atributos de Eduardo, que ele fala ingl\u00eas fluentemente, que j\u00e1 visitou a Europa e que acabou de casar.<\/p>\n\n\n\n<p>&#8220;Quanto a cr\u00edtica, n\u00e3o estou preocupado com cr\u00edtica&#8221;, disse o presidente, afirmando que parte da imprensa &#8220;est\u00e1 dando uma lenhadinha na gente&#8221;.<\/p>\n\n\n\n<p>&#8220;Quando ele viaja para o mundo todo, fala ingl\u00eas fluentemente, fala espanhol, j\u00e1 foi a v\u00e1rios pa\u00edses da Europa, conhece a fam\u00edlia do Donald Trump, tem liberdade e amizade com seus filhos, n\u00e3o \u00e9 um aventureiro. Acabou de casar, inclusive&#8221;, disse Bolsonaro.<br>O presidente da Rep\u00fablica afirmou que ir\u00e1 esperar &#8220;o momento certo&#8221; para decidir se, de fato, indicar\u00e1 o filho. O presidente afirmou ainda que o ministro das Rela\u00e7\u00f5es Exteriores, Ernesto Ara\u00fajo, apoia a possibilidade.<\/p>\n\n\n\n<p>&#8220;N\u00e3o porque \u00e9 meu filho. \u00c9 porque conhece o Eduardo&#8221;, disse o chefe do Executivo.<br>Bolsonaro comparou o tratamento que um governo daria a um embaixador de carreira e ao filho de um presidente. &#8220;O tratamento \u00e9 diferenciado.&#8221;<\/p>\n\n\n\n<p>O presidente tamb\u00e9m alfinetou durante a transmiss\u00e3o na internet os ex-chanceleres Celso Amorim (governo Lula) e Aloysio Nunes Ferreira (governo Michel Temer).<br>&#8220;Agora, voc\u00eas querem que eu bote quem? Celso Amorim nos Estados Unidos, que \u00e9 do Itamaraty?&#8221;, indagou aos internautas.<\/p>\n\n\n\n<p>&#8220;Quem foi o \u00faltimo ministro de Rela\u00e7\u00f5es Exteriores do Brasil? Aloysio Nunes Ferreira. Ningu\u00e9m falou nada. Foi, aqui, chefe das Rela\u00e7\u00f5es Exteriores. Mas n\u00e3o tinha forma\u00e7\u00e3o nenhuma nesta \u00e1rea. Inclusive, no passado, quando jovem, ele foi motorista do [guerrilheiro Carlos] Marighella&#8221;, afirmou.<\/p>\n\n\n\n<p>Caso Bolsonaro confirme a indica\u00e7\u00e3o de Eduardo Bolsonaro, o nome do hoje deputado federal ter\u00e1 que passar pelo Senado. H\u00e1 uma sabatina na CRE (Comiss\u00e3o de Rela\u00e7\u00f5es Exteriores) e, se aprovado, segue para vota\u00e7\u00e3o em plen\u00e1rio.<\/p>\n\n\n\n<p>Na manh\u00e3 desta sexta, senadores foram \u00e0 tribuna para criticar a possibilidade.<br>&#8220;Est\u00e1 faltando bom senso. Repudio, sou contra filho de presidente da Rep\u00fablica, qualquer que seja o presidente, ser embaixador do Brasil onde quer que seja&#8221;, disse o senador Eduardo Gir\u00e3o (PODE-CE).<\/p>\n\n\n\n<p>&#8220;Votei [em Bolsonaro] para se romper esse sistema pol\u00edtico carcomido, apodrecido, corrupto que vinha noBrasil nos \u00faltimos anos. Votei com essa esperan\u00e7a e ainda acredito neste governo. Espero que isso n\u00e3o aconte\u00e7a porque \u00e9 um grande equ\u00edvoco. Temos que dar passos nesse processo civilizat\u00f3rio nepotismo no Executivo, uma coisa que pode at\u00e9 ser legal, mas \u00e9 imoral&#8221;, prosseguiu.<\/p>\n\n\n\n<p>&#8220;Tamb\u00e9m discordo plenamente disso. A gente n\u00e3o pode concordar absolutamente com isso. Venha de onde vier. &#8216;Ah, porque veio do presidente&#8230;&#8217; N\u00e3o, \u00e9 errado, \u00e9 imoral, \u00e9 anti\u00e9tico da mesma forma&#8221;, concordou o senador Pl\u00ednio Val\u00e9rio (PSDB-AM).<\/p>\n","protected":false},"excerpt":{"rendered":"<p>O presidente Jair Bolsonaro (PSL) disse nesta sexta-feira (12) que n\u00e3o est\u00e1 preocupado com as cr\u00edticas que vem recebendo desde a noite de quinta-feira (11),&hellip; <\/p>\n","protected":false},"author":1,"featured_media":104482,"comment_status":"closed","ping_status":"closed","sticky":false,"template":"","format":"standard","meta":{"sfsi_plus_gutenberg_text_before_share":"","sfsi_plus_gutenberg_show_text_before_share":"","sfsi_plus_gutenberg_icon_type":"","sfsi_plus_gutenberg_icon_alignemt":"","sfsi_plus_gutenburg_max_per_row":"","footnotes":""},"categories":[11],"tags":[],"class_list":["post-104481","post","type-post","status-publish","format-standard","has-post-thumbnail","hentry","category-politica"],"_links":{"self":[{"href":"https:\/\/www.caririemacao.com\/1\/wp-json\/wp\/v2\/posts\/104481","targetHints":{"allow":["GET"]}}],"collection":[{"href":"https:\/\/www.caririemacao.com\/1\/wp-json\/wp\/v2\/posts"}],"about":[{"href":"https:\/\/www.caririemacao.com\/1\/wp-json\/wp\/v2\/types\/post"}],"author":[{"embeddable":true,"href":"https:\/\/www.caririemacao.com\/1\/wp-json\/wp\/v2\/users\/1"}],"replies":[{"embeddable":true,"href":"https:\/\/www.caririemacao.com\/1\/wp-json\/wp\/v2\/comments?post=104481"}],"version-history":[{"count":1,"href":"https:\/\/www.caririemacao.com\/1\/wp-json\/wp\/v2\/posts\/104481\/revisions"}],"predecessor-version":[{"id":104483,"href":"https:\/\/www.caririemacao.com\/1\/wp-json\/wp\/v2\/posts\/104481\/revisions\/104483"}],"wp:featuredmedia":[{"embeddable":true,"href":"https:\/\/www.caririemacao.com\/1\/wp-json\/wp\/v2\/media\/104482"}],"wp:attachment":[{"href":"https:\/\/www.caririemacao.com\/1\/wp-json\/wp\/v2\/media?parent=104481"}],"wp:term":[{"taxonomy":"category","embeddable":true,"href":"https:\/\/www.caririemacao.com\/1\/wp-json\/wp\/v2\/categories?post=104481"},{"taxonomy":"post_tag","embeddable":true,"href":"https:\/\/www.caririemacao.com\/1\/wp-json\/wp\/v2\/tags?post=104481"}],"curies":[{"name":"wp","href":"https:\/\/api.w.org\/{rel}","templated":true}]}}