{"id":104485,"date":"2019-07-12T16:42:50","date_gmt":"2019-07-12T19:42:50","guid":{"rendered":"http:\/\/www.caririemacao.com\/1\/?p=104485"},"modified":"2019-07-12T16:42:50","modified_gmt":"2019-07-12T19:42:50","slug":"mpf-recomenda-e-energisa-garante-melhorar-fornecimento-de-energia-em-monteiro","status":"publish","type":"post","link":"https:\/\/www.caririemacao.com\/1\/2019\/07\/12\/mpf-recomenda-e-energisa-garante-melhorar-fornecimento-de-energia-em-monteiro\/","title":{"rendered":"MPF recomenda e Energisa garante melhorar fornecimento de energia em Monteiro"},"content":{"rendered":"\n<p>Em reuni\u00e3o realizada nesta sexta-feira (12), na sede do Minist\u00e9rio P\u00fablico Federal (MPF) em Jo\u00e3o Pessoa, representantes da concession\u00e1ria Energisa Para\u00edba se comprometeram a melhorar o fornecimento de energia el\u00e9trica em Monteiro (PB), num prazo de tr\u00eas meses. A cidade sofre com instabilidades no sistema desde outubro de 2018 e, por isso, o Minist\u00e9rio P\u00fablico&nbsp;<a href=\"http:\/\/www.mpf.mp.br\/pb\/sala-de-imprensa\/noticias-pb\/mpf-recomenda-a-energisa-que-melhore-fornecimento-de-energia-eletrica-em-monteiro-pb\" target=\"_blank\" rel=\"noreferrer noopener\">emitiu recomenda\u00e7\u00e3o no m\u00eas de junho passado<\/a>, visando as melhorias.<\/p>\n\n\n\n<p>Na ocasi\u00e3o, foi informado que haver\u00e1 reforma no circuito de distribui\u00e7\u00e3o da cidade e manuten\u00e7\u00e3o preventiva de alimentadores de energia do conjunto de Monteiro. Os representantes da Energisa informaram ainda que o aterramento da linha Sert\u00e2nia\/Monteiro (02L1 SRN\/MNT) est\u00e1 conclu\u00eddo, que o transformador com sobrecarga foi substitu\u00eddo e que foram instalados novos equipamentos reguladores de tens\u00e3o.<\/p>\n\n\n\n<p>Participaram do encontro desta sexta, representando o MPF, a procuradora da Rep\u00fablica Janaina Andrade e o engenheiro eletricista do \u00f3rg\u00e3o no estado, Alessandro Glauber, que avaliou como positiva a reuni\u00e3o.<\/p>\n\n\n\n<p>\u201cCaso a Energisa cumpra o acordado na reuni\u00e3o quanto \u00e0s manuten\u00e7\u00f5es preventivas nas redes de distribui\u00e7\u00e3o e nos alimentadores de energia, isso poder\u00e1 resultar em melhoria significativa na qualidade do fornecimento de energia aos consumidores, uma vez que aumentar\u00e1 a influ\u00eancia positiva sobre os indicadores estabelecidos pela Ag\u00eancia Nacional de Energia El\u00e9trica (Aneel)\u201d, declarou o engenheiro do MPF.<\/p>\n\n\n\n<p>Procedimento n\u00ba&nbsp;<a href=\"http:\/\/1.24.4.9\/2019-81\" target=\"_blank\" rel=\"noreferrer noopener\">1.24.004.000011\/2019-81<\/a><\/p>\n\n\n\n<p><a href=\"http:\/\/www.mpf.mp.br\/pb\/sala-de-imprensa\/docs\/recomendacao-monteiro-2-2019\/view\" target=\"_blank\" rel=\"noreferrer noopener\">Confira \u00edntegra da Recomenda\u00e7\u00e3o 2\/2019<\/a><br><a href=\"http:\/\/www.mpf.mp.br\/pb\/sala-de-imprensa\/docs\/ata-de-reuniao-energisa-12-07-2019\/view\" target=\"_blank\" rel=\"noreferrer noopener\">Confira ata da reuni\u00e3o (12\/07\/2019)<\/a><br><a href=\"http:\/\/www.mpf.mp.br\/pb\/sala-de-imprensa\/docs\/oficio-aneel\/view\" target=\"_blank\" rel=\"noreferrer noopener\">Confira relat\u00f3rio da Aneel<\/a><\/p>\n","protected":false},"excerpt":{"rendered":"<p>Em reuni\u00e3o realizada nesta sexta-feira (12), na sede do Minist\u00e9rio P\u00fablico Federal (MPF) em Jo\u00e3o Pessoa, representantes da concession\u00e1ria Energisa Para\u00edba se comprometeram a melhorar&hellip; <\/p>\n","protected":false},"author":1,"featured_media":102571,"comment_status":"closed","ping_status":"closed","sticky":false,"template":"","format":"standard","meta":{"sfsi_plus_gutenberg_text_before_share":"","sfsi_plus_gutenberg_show_text_before_share":"","sfsi_plus_gutenberg_icon_type":"","sfsi_plus_gutenberg_icon_alignemt":"","sfsi_plus_gutenburg_max_per_row":"","footnotes":""},"categories":[50,2],"tags":[],"class_list":["post-104485","post","type-post","status-publish","format-standard","has-post-thumbnail","hentry","category-destaque","category-geral"],"_links":{"self":[{"href":"https:\/\/www.caririemacao.com\/1\/wp-json\/wp\/v2\/posts\/104485","targetHints":{"allow":["GET"]}}],"collection":[{"href":"https:\/\/www.caririemacao.com\/1\/wp-json\/wp\/v2\/posts"}],"about":[{"href":"https:\/\/www.caririemacao.com\/1\/wp-json\/wp\/v2\/types\/post"}],"author":[{"embeddable":true,"href":"https:\/\/www.caririemacao.com\/1\/wp-json\/wp\/v2\/users\/1"}],"replies":[{"embeddable":true,"href":"https:\/\/www.caririemacao.com\/1\/wp-json\/wp\/v2\/comments?post=104485"}],"version-history":[{"count":1,"href":"https:\/\/www.caririemacao.com\/1\/wp-json\/wp\/v2\/posts\/104485\/revisions"}],"predecessor-version":[{"id":104486,"href":"https:\/\/www.caririemacao.com\/1\/wp-json\/wp\/v2\/posts\/104485\/revisions\/104486"}],"wp:featuredmedia":[{"embeddable":true,"href":"https:\/\/www.caririemacao.com\/1\/wp-json\/wp\/v2\/media\/102571"}],"wp:attachment":[{"href":"https:\/\/www.caririemacao.com\/1\/wp-json\/wp\/v2\/media?parent=104485"}],"wp:term":[{"taxonomy":"category","embeddable":true,"href":"https:\/\/www.caririemacao.com\/1\/wp-json\/wp\/v2\/categories?post=104485"},{"taxonomy":"post_tag","embeddable":true,"href":"https:\/\/www.caririemacao.com\/1\/wp-json\/wp\/v2\/tags?post=104485"}],"curies":[{"name":"wp","href":"https:\/\/api.w.org\/{rel}","templated":true}]}}