{"id":104495,"date":"2019-07-12T16:55:08","date_gmt":"2019-07-12T19:55:08","guid":{"rendered":"http:\/\/www.caririemacao.com\/1\/?p=104495"},"modified":"2019-07-12T16:55:08","modified_gmt":"2019-07-12T19:55:08","slug":"prefeitura-de-sume-fortalece-vinculos-e-resgata-sonhos-com-projeto-social","status":"publish","type":"post","link":"https:\/\/www.caririemacao.com\/1\/2019\/07\/12\/prefeitura-de-sume-fortalece-vinculos-e-resgata-sonhos-com-projeto-social\/","title":{"rendered":"Prefeitura de Sum\u00e9 fortalece v\u00ednculos e resgata sonhos com projeto social"},"content":{"rendered":"\n<p>A Secretaria de Assist\u00eancia Social de Sum\u00e9 promoveu nessa quinta-feira (11), um encontro com algumas mulheres sumeenses, no audit\u00f3rio da Secretaria Municipal de Educa\u00e7\u00e3o, para falar de um projeto denominado \u201cFortalecendo V\u00ednculos e Resgatando Sonhos\u201d, cuja finalidade \u00e9 oferecer um baile de debutantes a um grupo de meninas, usu\u00e1rias dos Servi\u00e7os de Conviv\u00eancia e Fortalecimento de V\u00ednculo (SCFV),&nbsp; com idade de 15 anos.<\/p>\n\n\n\n<div class=\"wp-block-image\"><figure class=\"alignright\"><a href=\"http:\/\/www.sume.pb.gov.br\/wp-content\/uploads\/2019\/07\/4f945aa5-8a0e-4b16-99a4-023d9bed6407.jpg\"><img decoding=\"async\" data-src=\"http:\/\/www.sume.pb.gov.br\/wp-content\/uploads\/2019\/07\/4f945aa5-8a0e-4b16-99a4-023d9bed6407-300x225.jpg\" alt=\"\" class=\"wp-image-8298 lazyload\" src=\"data:image\/svg+xml;base64,PHN2ZyB3aWR0aD0iMSIgaGVpZ2h0PSIxIiB4bWxucz0iaHR0cDovL3d3dy53My5vcmcvMjAwMC9zdmciPjwvc3ZnPg==\" style=\"--smush-placeholder-width: 300px; --smush-placeholder-aspect-ratio: 300\/225;\" \/><\/a><\/figure><\/div>\n\n\n\n<p>A ideia da reuni\u00e3o, segundo a secret\u00e1ria da pasta, Tanniery L\u00eala, foi reunir 15 mulheres de Sum\u00e9, engajadas em causas sociais, para que elas sejam madrinhas dessas meninas, j\u00e1 que elas n\u00e3o tem condi\u00e7\u00f5es de realizar a sonhada festa de 15 anos. Tanniery enfatizou tamb\u00e9m que essa seria uma maneira de resgatar valores esquecidos que ainda s\u00e3o t\u00e3o latentes em muitas das meninas desta faixa et\u00e1ria.&nbsp;<\/p>\n\n\n\n<p>O SCFV trabalha temas transversais junto aos diversos p\u00fablicos, com profissionais&nbsp;da sa\u00fade, educa\u00e7\u00e3o e assist\u00eancia social, como gravidez na adolesc\u00eancia, respeito ao pr\u00f3ximo, doen\u00e7as sexualmente transmiss\u00edveis, direitos humanos e outros. O servi\u00e7o promove ainda, durante todo ano, oficinas de dan\u00e7a, moda, artesanato, maquiagem, arte e cultura.<\/p>\n\n\n\n<p>A coordenadora do Centro de Refer\u00eancia em Assist\u00eancia Social (Cras), Ednalva Lib\u00e2nio (Fia), disse que estava muito feliz com a ades\u00e3o de todos ao projeto, tanto dos participantes quanto das parceiras. Fia afirmou tamb\u00e9m que todas as madrinhas convidadas foram muito receptivas e acolhedoras com a proposta. \u201cNenhuma delas disse n\u00e3o ao convite, elas contribuir\u00e3o com o que puderem\u201d, endossou Fia, que tamb\u00e9m \u00e9 respons\u00e1vel pela execu\u00e7\u00e3o das oficinas de moda no Servi\u00e7o de Conviv\u00eancia.<\/p>\n\n\n\n<div class=\"wp-block-image\"><figure class=\"alignleft\"><a href=\"http:\/\/www.sume.pb.gov.br\/wp-content\/uploads\/2019\/07\/285c45e6-6354-4480-a047-e3dd2c7962f4.jpg\"><img decoding=\"async\" data-src=\"http:\/\/www.sume.pb.gov.br\/wp-content\/uploads\/2019\/07\/285c45e6-6354-4480-a047-e3dd2c7962f4-300x225.jpg\" alt=\"\" class=\"wp-image-8299 lazyload\" src=\"data:image\/svg+xml;base64,PHN2ZyB3aWR0aD0iMSIgaGVpZ2h0PSIxIiB4bWxucz0iaHR0cDovL3d3dy53My5vcmcvMjAwMC9zdmciPjwvc3ZnPg==\" style=\"--smush-placeholder-width: 300px; --smush-placeholder-aspect-ratio: 300\/225;\" \/><\/a><\/figure><\/div>\n\n\n\n<p>Fia refor\u00e7ou tamb\u00e9m que quem quiser se juntar ao projeto, sendo madrinha de uma das participantes, \u00e9 s\u00f3 procur\u00e1-la no Cras e manifestar o seu interesse.<\/p>\n\n\n\n<p>A cerim\u00f4nia ocorrer\u00e1 no dia 13 de dezembro de 2019, com o apoio total da Prefeitura de Sum\u00e9.<\/p>\n\n\n\n<p>Ascom<\/p>\n","protected":false},"excerpt":{"rendered":"<p>A Secretaria de Assist\u00eancia Social de Sum\u00e9 promoveu nessa quinta-feira (11), um encontro com algumas mulheres sumeenses, no audit\u00f3rio da Secretaria Municipal de Educa\u00e7\u00e3o, para&hellip; <\/p>\n","protected":false},"author":1,"featured_media":104497,"comment_status":"closed","ping_status":"closed","sticky":false,"template":"","format":"standard","meta":{"sfsi_plus_gutenberg_text_before_share":"","sfsi_plus_gutenberg_show_text_before_share":"","sfsi_plus_gutenberg_icon_type":"","sfsi_plus_gutenberg_icon_alignemt":"","sfsi_plus_gutenburg_max_per_row":"","footnotes":""},"categories":[50,2],"tags":[],"class_list":["post-104495","post","type-post","status-publish","format-standard","has-post-thumbnail","hentry","category-destaque","category-geral"],"_links":{"self":[{"href":"https:\/\/www.caririemacao.com\/1\/wp-json\/wp\/v2\/posts\/104495","targetHints":{"allow":["GET"]}}],"collection":[{"href":"https:\/\/www.caririemacao.com\/1\/wp-json\/wp\/v2\/posts"}],"about":[{"href":"https:\/\/www.caririemacao.com\/1\/wp-json\/wp\/v2\/types\/post"}],"author":[{"embeddable":true,"href":"https:\/\/www.caririemacao.com\/1\/wp-json\/wp\/v2\/users\/1"}],"replies":[{"embeddable":true,"href":"https:\/\/www.caririemacao.com\/1\/wp-json\/wp\/v2\/comments?post=104495"}],"version-history":[{"count":1,"href":"https:\/\/www.caririemacao.com\/1\/wp-json\/wp\/v2\/posts\/104495\/revisions"}],"predecessor-version":[{"id":104498,"href":"https:\/\/www.caririemacao.com\/1\/wp-json\/wp\/v2\/posts\/104495\/revisions\/104498"}],"wp:featuredmedia":[{"embeddable":true,"href":"https:\/\/www.caririemacao.com\/1\/wp-json\/wp\/v2\/media\/104497"}],"wp:attachment":[{"href":"https:\/\/www.caririemacao.com\/1\/wp-json\/wp\/v2\/media?parent=104495"}],"wp:term":[{"taxonomy":"category","embeddable":true,"href":"https:\/\/www.caririemacao.com\/1\/wp-json\/wp\/v2\/categories?post=104495"},{"taxonomy":"post_tag","embeddable":true,"href":"https:\/\/www.caririemacao.com\/1\/wp-json\/wp\/v2\/tags?post=104495"}],"curies":[{"name":"wp","href":"https:\/\/api.w.org\/{rel}","templated":true}]}}