{"id":104503,"date":"2019-07-12T17:02:08","date_gmt":"2019-07-12T20:02:08","guid":{"rendered":"http:\/\/www.caririemacao.com\/1\/?p=104503"},"modified":"2019-07-12T17:02:08","modified_gmt":"2019-07-12T20:02:08","slug":"edson-lima-se-apresentara-em-amparo-nesta-sexta-feira-no-2o-dia-do-amparo-cabra-fest","status":"publish","type":"post","link":"https:\/\/www.caririemacao.com\/1\/2019\/07\/12\/edson-lima-se-apresentara-em-amparo-nesta-sexta-feira-no-2o-dia-do-amparo-cabra-fest\/","title":{"rendered":"Edson Lima se apresentar\u00e1 em Amparo nesta sexta-feira no 2\u00ba dia do Amparo Cabra Fest"},"content":{"rendered":"\n<figure class=\"wp-block-image\"><a href=\"https:\/\/1.bp.blogspot.com\/-dZordYkItDc\/XSh2mkPIicI\/AAAAAAABB_A\/o1sObVEe0gotPA99ZPTzHO4ScblVDgnCACLcBGAs\/s1600\/EDSON%2BLIMA%2BNO%2BAMPARO%2BCABRA%2BFEST.jpg\"><img decoding=\"async\" data-src=\"https:\/\/1.bp.blogspot.com\/-dZordYkItDc\/XSh2mkPIicI\/AAAAAAABB_A\/o1sObVEe0gotPA99ZPTzHO4ScblVDgnCACLcBGAs\/s640\/EDSON%2BLIMA%2BNO%2BAMPARO%2BCABRA%2BFEST.jpg\" alt=\"\" src=\"data:image\/svg+xml;base64,PHN2ZyB3aWR0aD0iMSIgaGVpZ2h0PSIxIiB4bWxucz0iaHR0cDovL3d3dy53My5vcmcvMjAwMC9zdmciPjwvc3ZnPg==\" class=\"lazyload\" \/><\/a><\/figure>\n\n\n\n<p>O Cantor Edson Lima estar\u00e1 fazendo um grande show na cidade de Amparo, na noite desta sexta-feira (12). O Show est\u00e1 dentro da Programa\u00e7\u00e3o da 3\u00aa Edi\u00e7\u00e3o do Amparo Cabra Fest.&nbsp;Ainda nessa sexta-feira, teremos a participa\u00e7\u00e3o de Ricardo Soares.<\/p>\n\n\n\n<p>A programa\u00e7\u00e3o segue at\u00e9 o pr\u00f3ximo domingo (14).<\/p>\n","protected":false},"excerpt":{"rendered":"<p>O Cantor Edson Lima estar\u00e1 fazendo um grande show na cidade de Amparo, na noite desta sexta-feira (12). O Show est\u00e1 dentro da Programa\u00e7\u00e3o da&hellip; <\/p>\n","protected":false},"author":1,"featured_media":104504,"comment_status":"closed","ping_status":"closed","sticky":false,"template":"","format":"standard","meta":{"sfsi_plus_gutenberg_text_before_share":"","sfsi_plus_gutenberg_show_text_before_share":"","sfsi_plus_gutenberg_icon_type":"","sfsi_plus_gutenberg_icon_alignemt":"","sfsi_plus_gutenburg_max_per_row":"","footnotes":""},"categories":[6,50],"tags":[],"class_list":["post-104503","post","type-post","status-publish","format-standard","has-post-thumbnail","hentry","category-cidades","category-destaque"],"_links":{"self":[{"href":"https:\/\/www.caririemacao.com\/1\/wp-json\/wp\/v2\/posts\/104503","targetHints":{"allow":["GET"]}}],"collection":[{"href":"https:\/\/www.caririemacao.com\/1\/wp-json\/wp\/v2\/posts"}],"about":[{"href":"https:\/\/www.caririemacao.com\/1\/wp-json\/wp\/v2\/types\/post"}],"author":[{"embeddable":true,"href":"https:\/\/www.caririemacao.com\/1\/wp-json\/wp\/v2\/users\/1"}],"replies":[{"embeddable":true,"href":"https:\/\/www.caririemacao.com\/1\/wp-json\/wp\/v2\/comments?post=104503"}],"version-history":[{"count":1,"href":"https:\/\/www.caririemacao.com\/1\/wp-json\/wp\/v2\/posts\/104503\/revisions"}],"predecessor-version":[{"id":104505,"href":"https:\/\/www.caririemacao.com\/1\/wp-json\/wp\/v2\/posts\/104503\/revisions\/104505"}],"wp:featuredmedia":[{"embeddable":true,"href":"https:\/\/www.caririemacao.com\/1\/wp-json\/wp\/v2\/media\/104504"}],"wp:attachment":[{"href":"https:\/\/www.caririemacao.com\/1\/wp-json\/wp\/v2\/media?parent=104503"}],"wp:term":[{"taxonomy":"category","embeddable":true,"href":"https:\/\/www.caririemacao.com\/1\/wp-json\/wp\/v2\/categories?post=104503"},{"taxonomy":"post_tag","embeddable":true,"href":"https:\/\/www.caririemacao.com\/1\/wp-json\/wp\/v2\/tags?post=104503"}],"curies":[{"name":"wp","href":"https:\/\/api.w.org\/{rel}","templated":true}]}}