{"id":104508,"date":"2019-07-12T17:04:16","date_gmt":"2019-07-12T20:04:16","guid":{"rendered":"http:\/\/www.caririemacao.com\/1\/?p=104508"},"modified":"2019-07-12T17:04:16","modified_gmt":"2019-07-12T20:04:16","slug":"camara-de-sume-realiza-reuniao-para-discutir-projeto-que-visa-melhorias-na-iluminacao-publica-do-municipio","status":"publish","type":"post","link":"https:\/\/www.caririemacao.com\/1\/2019\/07\/12\/camara-de-sume-realiza-reuniao-para-discutir-projeto-que-visa-melhorias-na-iluminacao-publica-do-municipio\/","title":{"rendered":"C\u00e2mara de Sum\u00e9 realiza reuni\u00e3o para discutir projeto que visa melhorias na ilumina\u00e7\u00e3o p\u00fablica do munic\u00edpio"},"content":{"rendered":"\n<p>A C\u00e2mara de Vereadores de Sum\u00e9 se encontra em recesso parlamentar, mesmo assim, se reuniu na noite desta quinta-feira de forma extraordin\u00e1ria, para discutir o Projeto de Lei 532-2019 que autoriza a Prefeitura Municipal a contrair financiamento junto ao Banco do Brasil, para investir em melhorias da ilumina\u00e7\u00e3o p\u00fablica, com a troca das atuais l\u00e2mpadas por de LED.<\/p>\n\n\n\n<p>As localidades que ser\u00e3o beneficiadas s\u00e3o:<\/p>\n\n\n\n<p>\u2022 Avenida Primeiro de Abril<br>\u2022 Rua Augusto Santa Cruz<br>\u2022 Rua Ant\u00f4nio Rodrigues<br>\u2022 Rua Sizenando Leite Rafael<br>\u2022 Rua Hugo Santa Cruz<br>\u2022 Adamastor Gomes<br>\u2022 Rua Francisco Braz-Luiz Grande<br>\u2022 Sa\u00edda para Campina Grande<br>\u2022 Sa\u00edda para Monteiro<br>\u2022 Newton Leite Rafael (Corredor da V\u00e1rzea)<\/p>\n\n\n\n<p>Entre os benef\u00edcios gerados pela troca de ilumina\u00e7\u00e3o pode-se pontuar: Aumento do fluxo luminoso com menor consumo e maior durabilidade, garantindo a popula\u00e7\u00e3o uma ilumina\u00e7\u00e3o de qualidade, gerando bem-estar noturno das pessoas, embelezando as \u00e1reas urbanas e favorecendo o com\u00e9rcio e lazer noturno, contribuindo assim, para o desenvolvimento social e econ\u00f4mico da popula\u00e7\u00e3o.<\/p>\n\n\n\n<p>De acordo com o projeto, com as mudan\u00e7as na ilumina\u00e7\u00e3o, o munic\u00edpio ir\u00e1 economizar o suficiente para pagar o financiamento.<\/p>\n\n\n\n<div class=\"wp-block-image\"><figure class=\"aligncenter\"><a href=\"http:\/\/noticiasemdestaque.com\/cd\/wp-content\/uploads\/2019\/07\/DSC_4168.jpg\"><img decoding=\"async\" data-src=\"http:\/\/noticiasemdestaque.com\/cd\/wp-content\/uploads\/2019\/07\/DSC_4168-1024x895.jpg\" alt=\"\" class=\"wp-image-18314 lazyload\" src=\"data:image\/svg+xml;base64,PHN2ZyB3aWR0aD0iMSIgaGVpZ2h0PSIxIiB4bWxucz0iaHR0cDovL3d3dy53My5vcmcvMjAwMC9zdmciPjwvc3ZnPg==\" style=\"--smush-placeholder-width: 1024px; --smush-placeholder-aspect-ratio: 1024\/895;\" \/><\/a><\/figure><\/div>\n\n\n\n<p>Ap\u00f3s a discuss\u00e3o inicial, o presidente Bomba agradeceu a presen\u00e7a de todos, e informou que o projeto ser\u00e1 votado na pr\u00f3xima ter\u00e7a-feira (16), a partir das 19h30.<\/p>\n\n\n\n<p>Ascom-C\u00e2mara<\/p>\n","protected":false},"excerpt":{"rendered":"<p>A C\u00e2mara de Vereadores de Sum\u00e9 se encontra em recesso parlamentar, mesmo assim, se reuniu na noite desta quinta-feira de forma extraordin\u00e1ria, para discutir o&hellip; <\/p>\n","protected":false},"author":1,"featured_media":104509,"comment_status":"closed","ping_status":"closed","sticky":false,"template":"","format":"standard","meta":{"sfsi_plus_gutenberg_text_before_share":"","sfsi_plus_gutenberg_show_text_before_share":"","sfsi_plus_gutenberg_icon_type":"","sfsi_plus_gutenberg_icon_alignemt":"","sfsi_plus_gutenburg_max_per_row":"","footnotes":""},"categories":[2],"tags":[],"class_list":["post-104508","post","type-post","status-publish","format-standard","has-post-thumbnail","hentry","category-geral"],"_links":{"self":[{"href":"https:\/\/www.caririemacao.com\/1\/wp-json\/wp\/v2\/posts\/104508","targetHints":{"allow":["GET"]}}],"collection":[{"href":"https:\/\/www.caririemacao.com\/1\/wp-json\/wp\/v2\/posts"}],"about":[{"href":"https:\/\/www.caririemacao.com\/1\/wp-json\/wp\/v2\/types\/post"}],"author":[{"embeddable":true,"href":"https:\/\/www.caririemacao.com\/1\/wp-json\/wp\/v2\/users\/1"}],"replies":[{"embeddable":true,"href":"https:\/\/www.caririemacao.com\/1\/wp-json\/wp\/v2\/comments?post=104508"}],"version-history":[{"count":1,"href":"https:\/\/www.caririemacao.com\/1\/wp-json\/wp\/v2\/posts\/104508\/revisions"}],"predecessor-version":[{"id":104510,"href":"https:\/\/www.caririemacao.com\/1\/wp-json\/wp\/v2\/posts\/104508\/revisions\/104510"}],"wp:featuredmedia":[{"embeddable":true,"href":"https:\/\/www.caririemacao.com\/1\/wp-json\/wp\/v2\/media\/104509"}],"wp:attachment":[{"href":"https:\/\/www.caririemacao.com\/1\/wp-json\/wp\/v2\/media?parent=104508"}],"wp:term":[{"taxonomy":"category","embeddable":true,"href":"https:\/\/www.caririemacao.com\/1\/wp-json\/wp\/v2\/categories?post=104508"},{"taxonomy":"post_tag","embeddable":true,"href":"https:\/\/www.caririemacao.com\/1\/wp-json\/wp\/v2\/tags?post=104508"}],"curies":[{"name":"wp","href":"https:\/\/api.w.org\/{rel}","templated":true}]}}