{"id":104526,"date":"2019-07-13T07:35:08","date_gmt":"2019-07-13T10:35:08","guid":{"rendered":"http:\/\/www.caririemacao.com\/1\/?p=104526"},"modified":"2019-07-13T07:35:08","modified_gmt":"2019-07-13T10:35:08","slug":"pela-1a-vez-no-festival-do-mel-solange-almeida-e-a-primeira-atracao-confirmada-desta-edicao-2019","status":"publish","type":"post","link":"https:\/\/www.caririemacao.com\/1\/2019\/07\/13\/pela-1a-vez-no-festival-do-mel-solange-almeida-e-a-primeira-atracao-confirmada-desta-edicao-2019\/","title":{"rendered":"Pela 1\u00aa vez no Festival do Mel, Solange Almeida \u00e9 a primeira atra\u00e7\u00e3o confirmada desta edi\u00e7\u00e3o 2019"},"content":{"rendered":"\n<p>A cantora Solange Almeida, ex-avi\u00f5es e agora em carreira solo, \u00e9 a primeira atra\u00e7\u00e3o anunciada pela Prefeitura de S\u00e3o Jos\u00e9 dos Cordeiros para o Festival do Mel, edi\u00e7\u00e3o 2019. A baiana cantar\u00e1 seus grandes e novos sucessos e dever\u00e1 atrair um grande p\u00fablico, especialmente por ter tocado poucas vezes na regi\u00e3o do Cariri.<\/p>\n\n\n\n<p>Solange Almeida \u00e9 natural da cidade de Alagoinhas\/ BA e h\u00e1 14 anos reside em Fortaleza. \u00c9 cantora profissional desde os 12 anos, mas come\u00e7ou aos cinco, por influ\u00eancia de um tio. A artista passou por v\u00e1rias bandas e emplacou dezenas de sucessos no norte, nordeste e sudeste, destaque para os grupos \u201cBanda G\u201d e \u201cCaviar com Rapadura\u201d.<\/p>\n\n\n\n<p>Em setembro de 2002, recebeu a proposta para integrar aos vocais de uma nova banda que mudaria o cen\u00e1rio do g\u00eanero, o Avi\u00f5es do Forr\u00f3. Foi l\u00e1, que a cantora atingiu o \u00e1pice de sua carreira e emplacou alguns dos principais sucessos do grupo.<\/p>\n\n\n\n<p>O Festival do Mel 2019 acontece entre os dias 29 e 31 de agosto em S\u00e3o Jos\u00e9 dos Cordeiros e deve por mais um ano atrair p\u00fablico recorde, n\u00e3o apenas para a programa\u00e7\u00e3o de shows como para a parte t\u00e9cnica<\/p>\n","protected":false},"excerpt":{"rendered":"<p>A cantora Solange Almeida, ex-avi\u00f5es e agora em carreira solo, \u00e9 a primeira atra\u00e7\u00e3o anunciada pela Prefeitura de S\u00e3o Jos\u00e9 dos Cordeiros para o Festival&hellip; <\/p>\n","protected":false},"author":1,"featured_media":100896,"comment_status":"closed","ping_status":"closed","sticky":false,"template":"","format":"standard","meta":{"sfsi_plus_gutenberg_text_before_share":"","sfsi_plus_gutenberg_show_text_before_share":"","sfsi_plus_gutenberg_icon_type":"","sfsi_plus_gutenberg_icon_alignemt":"","sfsi_plus_gutenburg_max_per_row":"","footnotes":""},"categories":[2],"tags":[],"class_list":["post-104526","post","type-post","status-publish","format-standard","has-post-thumbnail","hentry","category-geral"],"_links":{"self":[{"href":"https:\/\/www.caririemacao.com\/1\/wp-json\/wp\/v2\/posts\/104526","targetHints":{"allow":["GET"]}}],"collection":[{"href":"https:\/\/www.caririemacao.com\/1\/wp-json\/wp\/v2\/posts"}],"about":[{"href":"https:\/\/www.caririemacao.com\/1\/wp-json\/wp\/v2\/types\/post"}],"author":[{"embeddable":true,"href":"https:\/\/www.caririemacao.com\/1\/wp-json\/wp\/v2\/users\/1"}],"replies":[{"embeddable":true,"href":"https:\/\/www.caririemacao.com\/1\/wp-json\/wp\/v2\/comments?post=104526"}],"version-history":[{"count":1,"href":"https:\/\/www.caririemacao.com\/1\/wp-json\/wp\/v2\/posts\/104526\/revisions"}],"predecessor-version":[{"id":104527,"href":"https:\/\/www.caririemacao.com\/1\/wp-json\/wp\/v2\/posts\/104526\/revisions\/104527"}],"wp:featuredmedia":[{"embeddable":true,"href":"https:\/\/www.caririemacao.com\/1\/wp-json\/wp\/v2\/media\/100896"}],"wp:attachment":[{"href":"https:\/\/www.caririemacao.com\/1\/wp-json\/wp\/v2\/media?parent=104526"}],"wp:term":[{"taxonomy":"category","embeddable":true,"href":"https:\/\/www.caririemacao.com\/1\/wp-json\/wp\/v2\/categories?post=104526"},{"taxonomy":"post_tag","embeddable":true,"href":"https:\/\/www.caririemacao.com\/1\/wp-json\/wp\/v2\/tags?post=104526"}],"curies":[{"name":"wp","href":"https:\/\/api.w.org\/{rel}","templated":true}]}}