{"id":104530,"date":"2019-07-13T07:39:03","date_gmt":"2019-07-13T10:39:03","guid":{"rendered":"http:\/\/www.caririemacao.com\/1\/?p=104530"},"modified":"2019-07-13T07:39:03","modified_gmt":"2019-07-13T10:39:03","slug":"rejeicao-dos-brasileiros-ao-congresso-volta-a-crescer-aponta-datafolha","status":"publish","type":"post","link":"https:\/\/www.caririemacao.com\/1\/2019\/07\/13\/rejeicao-dos-brasileiros-ao-congresso-volta-a-crescer-aponta-datafolha\/","title":{"rendered":"Rejei\u00e7\u00e3o dos brasileiros ao Congresso volta a crescer, aponta Datafolha"},"content":{"rendered":"\n<p>Ap\u00f3s leve onda de otimismo no in\u00edcio no ano, cresceu a rejei\u00e7\u00e3o dos brasileiros ao Congresso Nacional. A conclus\u00e3o \u00e9 do mais recente levantamento do Datafolha, feito entre 4 e 5 de julho, antes da vota\u00e7\u00e3o da reforma da Previd\u00eancia.<\/p>\n\n\n\n<p>Em abril, 22% dos entrevistados avaliavam o desempenho dos senadores e deputados como \u00f3timo ou bom -maior patamar j\u00e1 aferido em in\u00edcio de legislatura pelo instituto (que fez pesquisas semelhantes em 2007 e 2015). Agora, s\u00e3o 16%.<\/p>\n\n\n\n<p>Outros 38% acham o Congresso ruim ou p\u00e9ssimo. Em abril, eram 32%. Por fim, 42% consideram o Congresso regular (41% h\u00e1 tr\u00eas meses). Quatro por cento n\u00e3o souberam responder.<\/p>\n\n\n\n<p>O levantamento ouviu 2.860 pessoas com mais de 16 anos, em 130 cidades. A margem de erro \u00e9 de dois pontos percentuais, para mais ou para menos, e o \u00edndice de confian\u00e7a \u00e9 95%.<\/p>\n\n\n\n<p>Os n\u00fameros mostram que, quanto maior a escolaridade, maior \u00e9 insatisfa\u00e7\u00e3o com os congressistas. Avaliam o Congresso como ruim ou p\u00e9ssimo 32% dos entrevistados com ensino fundamental. Entre os que t\u00eam o superior, o \u00edndice \u00e9 de 47%.<\/p>\n\n\n\n<p>Tamb\u00e9m est\u00e3o mais insatisfeitos os habitantes das grandes cidades: 43% dos moradores de munic\u00edpios com mais de 500 mil habitantes consideram ruim o desempenho do Legislativo federal, contra 33% dos que moram nas de at\u00e9 50 mil habitantes.<\/p>\n\n\n\n<p>Outro ponto de destaque \u00e9 o cruzamento da opini\u00e3o sobre o Congresso com a avalia\u00e7\u00e3o do governo de Jair Bolsonaro (PSL). Vinte e seis por cento dos que aprovam o presidente consideram o desempenho dos parlamentares \u00f3timo ou bom. Dos que avaliam o governo como ruim, s\u00f3 10% aprovam os deputados e senadores.<\/p>\n\n\n\n<p>Como mostrou o Datafolha, 33% dos brasileiros acham que o presidente faz um trabalho \u00f3timo ou bom -\u00edndice semelhante ao aferido em abril, 32%. Outros 31% acham regular, e 33%, ruim ou p\u00e9ssimo.<\/p>\n\n\n\n<p>Com isso, Bolsonaro se mant\u00e9m como o presidente em primeiro mandato com a pior avalia\u00e7\u00e3o aos seis meses de governo desde Fernando Collor de Mello, em 1990.<\/p>\n\n\n\n<p>Entre as institui\u00e7\u00f5es avaliadas pelo Datafolha, o Congresso \u00e9 a segunda em que os brasileiros menos confiam. Os que dizem confiar muito no Legislativo federal s\u00e3o 7%, e os que confiam um pouco, 46% -ante 8% e 49% em abril.<\/p>\n\n\n\n<p>A desconfian\u00e7a nos partidos pol\u00edticos \u00e9 maior. Apenas 4% dos entrevistados dizem confiar muito nas siglas, e 36%, um pouco. Os que n\u00e3o confiam s\u00e3o 58%.<\/p>\n","protected":false},"excerpt":{"rendered":"<p>Ap\u00f3s leve onda de otimismo no in\u00edcio no ano, cresceu a rejei\u00e7\u00e3o dos brasileiros ao Congresso Nacional. A conclus\u00e3o \u00e9 do mais recente levantamento do&hellip; <\/p>\n","protected":false},"author":1,"featured_media":104531,"comment_status":"closed","ping_status":"closed","sticky":false,"template":"","format":"standard","meta":{"sfsi_plus_gutenberg_text_before_share":"","sfsi_plus_gutenberg_show_text_before_share":"","sfsi_plus_gutenberg_icon_type":"","sfsi_plus_gutenberg_icon_alignemt":"","sfsi_plus_gutenburg_max_per_row":"","footnotes":""},"categories":[2],"tags":[],"class_list":["post-104530","post","type-post","status-publish","format-standard","has-post-thumbnail","hentry","category-geral"],"_links":{"self":[{"href":"https:\/\/www.caririemacao.com\/1\/wp-json\/wp\/v2\/posts\/104530","targetHints":{"allow":["GET"]}}],"collection":[{"href":"https:\/\/www.caririemacao.com\/1\/wp-json\/wp\/v2\/posts"}],"about":[{"href":"https:\/\/www.caririemacao.com\/1\/wp-json\/wp\/v2\/types\/post"}],"author":[{"embeddable":true,"href":"https:\/\/www.caririemacao.com\/1\/wp-json\/wp\/v2\/users\/1"}],"replies":[{"embeddable":true,"href":"https:\/\/www.caririemacao.com\/1\/wp-json\/wp\/v2\/comments?post=104530"}],"version-history":[{"count":1,"href":"https:\/\/www.caririemacao.com\/1\/wp-json\/wp\/v2\/posts\/104530\/revisions"}],"predecessor-version":[{"id":104532,"href":"https:\/\/www.caririemacao.com\/1\/wp-json\/wp\/v2\/posts\/104530\/revisions\/104532"}],"wp:featuredmedia":[{"embeddable":true,"href":"https:\/\/www.caririemacao.com\/1\/wp-json\/wp\/v2\/media\/104531"}],"wp:attachment":[{"href":"https:\/\/www.caririemacao.com\/1\/wp-json\/wp\/v2\/media?parent=104530"}],"wp:term":[{"taxonomy":"category","embeddable":true,"href":"https:\/\/www.caririemacao.com\/1\/wp-json\/wp\/v2\/categories?post=104530"},{"taxonomy":"post_tag","embeddable":true,"href":"https:\/\/www.caririemacao.com\/1\/wp-json\/wp\/v2\/tags?post=104530"}],"curies":[{"name":"wp","href":"https:\/\/api.w.org\/{rel}","templated":true}]}}