{"id":104540,"date":"2019-07-13T07:46:05","date_gmt":"2019-07-13T10:46:05","guid":{"rendered":"http:\/\/www.caririemacao.com\/1\/?p=104540"},"modified":"2019-07-13T07:46:05","modified_gmt":"2019-07-13T10:46:05","slug":"bolsa-cai-118-com-realizacao-de-lucros-dolar-recua-para-r-37390","status":"publish","type":"post","link":"https:\/\/www.caririemacao.com\/1\/2019\/07\/13\/bolsa-cai-118-com-realizacao-de-lucros-dolar-recua-para-r-37390\/","title":{"rendered":"Bolsa cai 1,18% com realiza\u00e7\u00e3o de lucros; d\u00f3lar recua para R$ 3,7390"},"content":{"rendered":"\n<p>A Bolsa brasileira recuou pelo segundo preg\u00e3o seguido ap\u00f3s aprova\u00e7\u00e3o do texto-base da reforma da Previd\u00eancia em primeiro turno da C\u00e2mara dos Deputados. Com a concretiza\u00e7\u00e3o do que, segundo o mercado financeiro, era o passo mais importante no tr\u00e2mite do projeto, investidores realizam lucros com a disparada do Ibovespa nas \u00faltimas semanas.<\/p>\n\n\n\n<p>Nesta nesta sexta-feira (12), o Ibovespa recuou 1,18% e perdeu o patamar dos 105 mil pontos. Entre segunda (8) e quarta (10), o \u00edndice acumulou 1,65% de alta e chegou \u00e0 m\u00e1xima hist\u00f3rica de 105.817 pontos. Somando quinta (11) e sexta (12), o recuo \u00e9 proporcional, de 1,8%. No saldo da semana,&nbsp; o \u00edndice tem leve queda de 0,15%<br>J\u00e1 o d\u00f3lar teve uma das maiores deprecia\u00e7\u00f5es do ano na semana, caindo 2,15%.&nbsp;<\/p>\n\n\n\n<p>Al\u00e9m do otimismo com a reforma, a moeda americana perdeu for\u00e7a no cen\u00e1rio internacional, com a perspectiva de corte de juros nos Estados Unidos. Nesta sexta, o d\u00f3lar foi para R$ 3,7390, queda de 0,340%, menor patamar desde fevereiro.<\/p>\n\n\n\n<p>Depois da vota\u00e7\u00e3o do texto-base, com aprova\u00e7\u00e3o expressiva, em plen\u00e1rio, os deputados votam destaques, que podem mudar o projeto e impactar a economia prevista, que, at\u00e9 o momento, gira em torno do R$ 1 trilh\u00e3o preterido pelo governo.<\/p>\n\n\n\n<p>Al\u00e9m de desidratar a reforma, os destaques atrasam a aprova\u00e7\u00e3o do projeto. Apenas depois de apreciados, a reforma pode ser votada em segundo turno na C\u00e2mara e, ent\u00e3o, seguir para Senado.<\/p>\n\n\n\n<p>A casa tem at\u00e9 quarta-feira (17) para votar a reforma antes do recesso parlamentar. Caso n\u00e3o seja apreciado at\u00e9 esta data, a aprova\u00e7\u00e3o final deve atrasar, o que retardaria uma recupera\u00e7\u00e3o da economia.<\/p>\n\n\n\n<p>Mas, para o mercado, o fundamental j\u00e1 foi alcan\u00e7ado, a aprova\u00e7\u00e3o em primeiro turno.&nbsp;<br>&#8220;A aprova\u00e7\u00e3o da reforma \u00e9 o que importa, se for em julho ou agosto \u00e9 indiferente. Claro, quanto mais tempo demorar, maior a chance de algo an\u00e1logo ao Joesley Day estrague os planos, e isso deve resultar em volatilidade no curto prazo. Mas seguimos &#8216;construtivos&#8217; com a chance da reforma ser aprovada e pouco dilu\u00edda em rela\u00e7\u00e3o ao texto original&#8221;, afirma relat\u00f3rio da Rico Investimentos.<\/p>\n\n\n\n<p>O Joesley Day, divulga\u00e7\u00e3o da conversa entre o empres\u00e1rio Joesley Batista e o ex-presidente Michel Temer (MDB), azedou o clima pol\u00edtico em Bras\u00edlia e emperrou o andamento da reforma da Previd\u00eancia de Temer.<\/p>\n\n\n\n<p>Nesta sexta, o Ibovespa recuou 1,18%, a 103.903 pontos. O giro financeiro foi de R$ 16,525 bilh\u00f5es.<\/p>\n\n\n\n<p>A queda s\u00f3 n\u00e3o foi mais acentuada devido a alta da Petrobras. A empresa tem operado descolada do Ibovespa nos \u00faltimos dias, depois de recomenda\u00e7\u00e3o de compra pelo banco Goldman Sachs e vendas de ativos na Bol\u00edvia e Argentina, conforme o plano de alavancagem financeira.<\/p>\n\n\n\n<p>As a\u00e7\u00f5es preferenciais, mais negociadas, da companhia subiram 0,45%, a R$ 28,53. As ordin\u00e1rias, com direito a voto, tiveram alta de 0,63%, a R$ 31,50.<\/p>\n\n\n\n<p>Nos Estados Unidos, o vi\u00e9s foi positivo e os \u00edndices da Bolsa de Nova York voltaram a bater recordes. Dow Jones subiu 0,80%, a 27.332 pontos. S&amp;P 500 teve alta de 0,46%, a 3.013 pontos e Nasdaq, de 0,6%, a 8.244 pontos.<\/p>\n","protected":false},"excerpt":{"rendered":"<p>A Bolsa brasileira recuou pelo segundo preg\u00e3o seguido ap\u00f3s aprova\u00e7\u00e3o do texto-base da reforma da Previd\u00eancia em primeiro turno da C\u00e2mara dos Deputados. Com a&hellip; <\/p>\n","protected":false},"author":1,"featured_media":104541,"comment_status":"closed","ping_status":"closed","sticky":false,"template":"","format":"standard","meta":{"sfsi_plus_gutenberg_text_before_share":"","sfsi_plus_gutenberg_show_text_before_share":"","sfsi_plus_gutenberg_icon_type":"","sfsi_plus_gutenberg_icon_alignemt":"","sfsi_plus_gutenburg_max_per_row":"","footnotes":""},"categories":[2],"tags":[],"class_list":["post-104540","post","type-post","status-publish","format-standard","has-post-thumbnail","hentry","category-geral"],"_links":{"self":[{"href":"https:\/\/www.caririemacao.com\/1\/wp-json\/wp\/v2\/posts\/104540","targetHints":{"allow":["GET"]}}],"collection":[{"href":"https:\/\/www.caririemacao.com\/1\/wp-json\/wp\/v2\/posts"}],"about":[{"href":"https:\/\/www.caririemacao.com\/1\/wp-json\/wp\/v2\/types\/post"}],"author":[{"embeddable":true,"href":"https:\/\/www.caririemacao.com\/1\/wp-json\/wp\/v2\/users\/1"}],"replies":[{"embeddable":true,"href":"https:\/\/www.caririemacao.com\/1\/wp-json\/wp\/v2\/comments?post=104540"}],"version-history":[{"count":1,"href":"https:\/\/www.caririemacao.com\/1\/wp-json\/wp\/v2\/posts\/104540\/revisions"}],"predecessor-version":[{"id":104542,"href":"https:\/\/www.caririemacao.com\/1\/wp-json\/wp\/v2\/posts\/104540\/revisions\/104542"}],"wp:featuredmedia":[{"embeddable":true,"href":"https:\/\/www.caririemacao.com\/1\/wp-json\/wp\/v2\/media\/104541"}],"wp:attachment":[{"href":"https:\/\/www.caririemacao.com\/1\/wp-json\/wp\/v2\/media?parent=104540"}],"wp:term":[{"taxonomy":"category","embeddable":true,"href":"https:\/\/www.caririemacao.com\/1\/wp-json\/wp\/v2\/categories?post=104540"},{"taxonomy":"post_tag","embeddable":true,"href":"https:\/\/www.caririemacao.com\/1\/wp-json\/wp\/v2\/tags?post=104540"}],"curies":[{"name":"wp","href":"https:\/\/api.w.org\/{rel}","templated":true}]}}