{"id":104545,"date":"2019-07-13T07:49:56","date_gmt":"2019-07-13T10:49:56","guid":{"rendered":"http:\/\/www.caririemacao.com\/1\/?p=104545"},"modified":"2019-07-13T07:49:56","modified_gmt":"2019-07-13T10:49:56","slug":"comissao-especial-da-camara-aprova-texto-da-reforma-da-previdencia","status":"publish","type":"post","link":"https:\/\/www.caririemacao.com\/1\/2019\/07\/13\/comissao-especial-da-camara-aprova-texto-da-reforma-da-previdencia\/","title":{"rendered":"Comiss\u00e3o especial da C\u00e2mara aprova texto da reforma da Previd\u00eancia"},"content":{"rendered":"\n<p>&nbsp;comiss\u00e3o especial da reforma da Previd\u00eancia na C\u00e2mara dos Deputados aprovou, na madrugada deste s\u00e1bado (13), por 35 votos favor\u00e1veis e 12 contr\u00e1rios, o texto da Proposta de Emenda Constitucional (PEC 6\/19) que ser\u00e1 votado, em segundo turno, pelo plen\u00e1rio da Casa. Etapa formal da tramita\u00e7\u00e3o, parlamentares levaram quase quatro horas ap\u00f3s o encerramento das discuss\u00f5es da mat\u00e9ria pelo plen\u00e1rio para conseguir concluir a vota\u00e7\u00e3o. A sess\u00e3o foi marcada por cr\u00edticas de parlamentares de partidos da oposi\u00e7\u00e3o \u00e0 mat\u00e9ria e tentativa de obstru\u00e7\u00e3o da sess\u00e3o para adiar ou inviabilizar a conclus\u00e3o da tramita\u00e7\u00e3o da PEC.Com a aprova\u00e7\u00e3o, a comiss\u00e3o referendou a reda\u00e7\u00e3o do texto elaborado pelo relator da mat\u00e9ria, deputado Samuel Moreira (PSDB-SP). Na pr\u00f3xima etapa de tramita\u00e7\u00e3o, a vota\u00e7\u00e3o em segundo turno, os parlamentares n\u00e3o podem mais fazer mudan\u00e7as no texto. Pelo regimento, os deputados poder\u00e3o apenas retirar trechos, as chamadas \u201cemendas supressivas\u201d.A vota\u00e7\u00e3o em plen\u00e1rio do&nbsp;<a href=\"http:\/\/agenciabrasil.ebc.com.br\/politica\/noticia\/2019-07\/segundo-turno-da-reforma-da-previdencia-so-sera-votado-em-agosto\">segundo turno da reforma da Previd\u00eancia na C\u00e2mara dos Deputados ficar\u00e1 para 6 de agosto<\/a>, confirmou h\u00e1 pouco o presidente da C\u00e2mara dos Deputados, Rodrigo Maia (DEM-RJ). Em entrevista ap\u00f3s a conclus\u00e3o das vota\u00e7\u00f5es, ele explicou que a decis\u00e3o foi tomada por preocupa\u00e7\u00f5es de que o qu\u00f3rum baixo comprometa o texto aprovado em primeiro turno.\u201cN\u00e3o era real acabar amanh\u00e3 (13) pelo qu\u00f3rum com que acabou a sess\u00e3o de hoje\u201d, disse. \u201cEssa \u00e9 uma constru\u00e7\u00e3o multipartid\u00e1ria e foi isso que se construiu\u201d, acrescentou.<br>SenadoO secret\u00e1rio especial de Previd\u00eancia e Trabalho do Minist\u00e9rio da Economia, Rog\u00e9rio Marinho, disse acreditar que a reforma seja aprovada pelo Senado em setembro. Se os senadores reinclu\u00edrem os estados e munic\u00edpios \u00e0 reforma, Marinho defende que o tema tramite numa proposta de emenda \u00e0 Constitui\u00e7\u00e3o em separado para n\u00e3o impactar os prazos.Ao ser aprovada em segundo turno, a mat\u00e9ria ser\u00e1 enviada ao Senado, onde \u00e9 analisada apenas pela Comiss\u00e3o de Constitui\u00e7\u00e3o e Justi\u00e7a e pelo plen\u00e1rio. N\u00e3o h\u00e1 comiss\u00e3o especial. Senadores tamb\u00e9m precisam aprovar a PEC em dois turnos pelo plen\u00e1rio. Para a aprova\u00e7\u00e3o, s\u00e3o necess\u00e1rios tr\u00eas quintos dos votos, o correspondente a 49 votos favor\u00e1veis, em cada turno.<\/p>\n","protected":false},"excerpt":{"rendered":"<p>&nbsp;comiss\u00e3o especial da reforma da Previd\u00eancia na C\u00e2mara dos Deputados aprovou, na madrugada deste s\u00e1bado (13), por 35 votos favor\u00e1veis e 12 contr\u00e1rios, o texto&hellip; <\/p>\n","protected":false},"author":1,"featured_media":104546,"comment_status":"closed","ping_status":"closed","sticky":false,"template":"","format":"standard","meta":{"sfsi_plus_gutenberg_text_before_share":"","sfsi_plus_gutenberg_show_text_before_share":"","sfsi_plus_gutenberg_icon_type":"","sfsi_plus_gutenberg_icon_alignemt":"","sfsi_plus_gutenburg_max_per_row":"","footnotes":""},"categories":[2],"tags":[],"class_list":["post-104545","post","type-post","status-publish","format-standard","has-post-thumbnail","hentry","category-geral"],"_links":{"self":[{"href":"https:\/\/www.caririemacao.com\/1\/wp-json\/wp\/v2\/posts\/104545","targetHints":{"allow":["GET"]}}],"collection":[{"href":"https:\/\/www.caririemacao.com\/1\/wp-json\/wp\/v2\/posts"}],"about":[{"href":"https:\/\/www.caririemacao.com\/1\/wp-json\/wp\/v2\/types\/post"}],"author":[{"embeddable":true,"href":"https:\/\/www.caririemacao.com\/1\/wp-json\/wp\/v2\/users\/1"}],"replies":[{"embeddable":true,"href":"https:\/\/www.caririemacao.com\/1\/wp-json\/wp\/v2\/comments?post=104545"}],"version-history":[{"count":1,"href":"https:\/\/www.caririemacao.com\/1\/wp-json\/wp\/v2\/posts\/104545\/revisions"}],"predecessor-version":[{"id":104547,"href":"https:\/\/www.caririemacao.com\/1\/wp-json\/wp\/v2\/posts\/104545\/revisions\/104547"}],"wp:featuredmedia":[{"embeddable":true,"href":"https:\/\/www.caririemacao.com\/1\/wp-json\/wp\/v2\/media\/104546"}],"wp:attachment":[{"href":"https:\/\/www.caririemacao.com\/1\/wp-json\/wp\/v2\/media?parent=104545"}],"wp:term":[{"taxonomy":"category","embeddable":true,"href":"https:\/\/www.caririemacao.com\/1\/wp-json\/wp\/v2\/categories?post=104545"},{"taxonomy":"post_tag","embeddable":true,"href":"https:\/\/www.caririemacao.com\/1\/wp-json\/wp\/v2\/tags?post=104545"}],"curies":[{"name":"wp","href":"https:\/\/api.w.org\/{rel}","templated":true}]}}