{"id":104550,"date":"2019-07-13T07:52:37","date_gmt":"2019-07-13T10:52:37","guid":{"rendered":"http:\/\/www.caririemacao.com\/1\/?p=104550"},"modified":"2019-07-13T07:52:37","modified_gmt":"2019-07-13T10:52:37","slug":"confira-a-previsao-do-tempo-pera-este-sabado-em-toda-paraiba","status":"publish","type":"post","link":"https:\/\/www.caririemacao.com\/1\/2019\/07\/13\/confira-a-previsao-do-tempo-pera-este-sabado-em-toda-paraiba\/","title":{"rendered":"Confira a previs\u00e3o do tempo pera este s\u00e1bado em toda Para\u00edba"},"content":{"rendered":"\n<p>Permanecem as condi\u00e7\u00f5es de nebulosidade vari\u00e1vel e prop\u00edcias \u00e0 ocorr\u00eancia de chuvas em algumas \u00e1reas do estado da Para\u00edba, especialmente entre o Litoral e Brejo.<\/p>\n\n\n\n<figure class=\"wp-block-image\"><img decoding=\"async\" data-src=\"https:\/\/paraibaonline.com.br\/wp-content\/uploads\/2019\/07\/tempo1307-567x342.jpg\" alt=\"\" class=\"wp-image-751191 lazyload\" src=\"data:image\/svg+xml;base64,PHN2ZyB3aWR0aD0iMSIgaGVpZ2h0PSIxIiB4bWxucz0iaHR0cDovL3d3dy53My5vcmcvMjAwMC9zdmciPjwvc3ZnPg==\" style=\"--smush-placeholder-width: 567px; --smush-placeholder-aspect-ratio: 567\/342;\" \/><\/figure>\n","protected":false},"excerpt":{"rendered":"<p>Permanecem as condi\u00e7\u00f5es de nebulosidade vari\u00e1vel e prop\u00edcias \u00e0 ocorr\u00eancia de chuvas em algumas \u00e1reas do estado da Para\u00edba, especialmente entre o Litoral e Brejo.<\/p>\n","protected":false},"author":1,"featured_media":104551,"comment_status":"closed","ping_status":"closed","sticky":false,"template":"","format":"standard","meta":{"sfsi_plus_gutenberg_text_before_share":"","sfsi_plus_gutenberg_show_text_before_share":"","sfsi_plus_gutenberg_icon_type":"","sfsi_plus_gutenberg_icon_alignemt":"","sfsi_plus_gutenburg_max_per_row":"","footnotes":""},"categories":[6],"tags":[],"class_list":["post-104550","post","type-post","status-publish","format-standard","has-post-thumbnail","hentry","category-cidades"],"_links":{"self":[{"href":"https:\/\/www.caririemacao.com\/1\/wp-json\/wp\/v2\/posts\/104550","targetHints":{"allow":["GET"]}}],"collection":[{"href":"https:\/\/www.caririemacao.com\/1\/wp-json\/wp\/v2\/posts"}],"about":[{"href":"https:\/\/www.caririemacao.com\/1\/wp-json\/wp\/v2\/types\/post"}],"author":[{"embeddable":true,"href":"https:\/\/www.caririemacao.com\/1\/wp-json\/wp\/v2\/users\/1"}],"replies":[{"embeddable":true,"href":"https:\/\/www.caririemacao.com\/1\/wp-json\/wp\/v2\/comments?post=104550"}],"version-history":[{"count":1,"href":"https:\/\/www.caririemacao.com\/1\/wp-json\/wp\/v2\/posts\/104550\/revisions"}],"predecessor-version":[{"id":104552,"href":"https:\/\/www.caririemacao.com\/1\/wp-json\/wp\/v2\/posts\/104550\/revisions\/104552"}],"wp:featuredmedia":[{"embeddable":true,"href":"https:\/\/www.caririemacao.com\/1\/wp-json\/wp\/v2\/media\/104551"}],"wp:attachment":[{"href":"https:\/\/www.caririemacao.com\/1\/wp-json\/wp\/v2\/media?parent=104550"}],"wp:term":[{"taxonomy":"category","embeddable":true,"href":"https:\/\/www.caririemacao.com\/1\/wp-json\/wp\/v2\/categories?post=104550"},{"taxonomy":"post_tag","embeddable":true,"href":"https:\/\/www.caririemacao.com\/1\/wp-json\/wp\/v2\/tags?post=104550"}],"curies":[{"name":"wp","href":"https:\/\/api.w.org\/{rel}","templated":true}]}}