{"id":104561,"date":"2019-07-13T09:22:04","date_gmt":"2019-07-13T12:22:04","guid":{"rendered":"http:\/\/www.caririemacao.com\/1\/?p=104561"},"modified":"2019-07-13T09:22:04","modified_gmt":"2019-07-13T12:22:04","slug":"acidente-deixa-uma-vitima-fatal-entre-monteiro-e-sume","status":"publish","type":"post","link":"https:\/\/www.caririemacao.com\/1\/2019\/07\/13\/acidente-deixa-uma-vitima-fatal-entre-monteiro-e-sume\/","title":{"rendered":"Acidente deixa uma v\u00edtima fatal entre Monteiro e Sum\u00e9"},"content":{"rendered":"\n<p>Um acidente envolvendo um carro deixou uma pessoa morte e tr\u00eas feridas na BR-412, entre os munic\u00edpios de Monteiro e Sum\u00e9, mas precisamente, pr\u00f3ximo a Fazenda de Oscar Neves.<\/p>\n\n\n\n<p>Conforme informa\u00e7\u00f5es, o carro modelo Tucson seguia com uma fam\u00edlia que retornava de Carna\u00edba\/RN com destino \u00e0 Bras\u00edlia, quando pr\u00f3ximo a divisa entre Monteiro e Sum\u00e9, ocorreu o capotamento do ve\u00edculo, deixando uma pessoa morta.<\/p>\n\n\n\n<p>Os outros tr\u00eas ocupantes feridos foram socorridos para o Hospital Regional de Monteiro, sendo que dois, ser\u00e3o encaminhados para o Hospital de Trauma de Campina Grande, devido a gravidade dos ferimentos.<\/p>\n","protected":false},"excerpt":{"rendered":"<p>Um acidente envolvendo um carro deixou uma pessoa morte e tr\u00eas feridas na BR-412, entre os munic\u00edpios de Monteiro e Sum\u00e9, mas precisamente, pr\u00f3ximo a&hellip; <\/p>\n","protected":false},"author":1,"featured_media":104562,"comment_status":"closed","ping_status":"closed","sticky":false,"template":"","format":"standard","meta":{"sfsi_plus_gutenberg_text_before_share":"","sfsi_plus_gutenberg_show_text_before_share":"","sfsi_plus_gutenberg_icon_type":"","sfsi_plus_gutenberg_icon_alignemt":"","sfsi_plus_gutenburg_max_per_row":"","footnotes":""},"categories":[2],"tags":[],"class_list":["post-104561","post","type-post","status-publish","format-standard","has-post-thumbnail","hentry","category-geral"],"_links":{"self":[{"href":"https:\/\/www.caririemacao.com\/1\/wp-json\/wp\/v2\/posts\/104561","targetHints":{"allow":["GET"]}}],"collection":[{"href":"https:\/\/www.caririemacao.com\/1\/wp-json\/wp\/v2\/posts"}],"about":[{"href":"https:\/\/www.caririemacao.com\/1\/wp-json\/wp\/v2\/types\/post"}],"author":[{"embeddable":true,"href":"https:\/\/www.caririemacao.com\/1\/wp-json\/wp\/v2\/users\/1"}],"replies":[{"embeddable":true,"href":"https:\/\/www.caririemacao.com\/1\/wp-json\/wp\/v2\/comments?post=104561"}],"version-history":[{"count":1,"href":"https:\/\/www.caririemacao.com\/1\/wp-json\/wp\/v2\/posts\/104561\/revisions"}],"predecessor-version":[{"id":104563,"href":"https:\/\/www.caririemacao.com\/1\/wp-json\/wp\/v2\/posts\/104561\/revisions\/104563"}],"wp:featuredmedia":[{"embeddable":true,"href":"https:\/\/www.caririemacao.com\/1\/wp-json\/wp\/v2\/media\/104562"}],"wp:attachment":[{"href":"https:\/\/www.caririemacao.com\/1\/wp-json\/wp\/v2\/media?parent=104561"}],"wp:term":[{"taxonomy":"category","embeddable":true,"href":"https:\/\/www.caririemacao.com\/1\/wp-json\/wp\/v2\/categories?post=104561"},{"taxonomy":"post_tag","embeddable":true,"href":"https:\/\/www.caririemacao.com\/1\/wp-json\/wp\/v2\/tags?post=104561"}],"curies":[{"name":"wp","href":"https:\/\/api.w.org\/{rel}","templated":true}]}}