{"id":104567,"date":"2019-07-13T09:28:42","date_gmt":"2019-07-13T12:28:42","guid":{"rendered":"http:\/\/www.caririemacao.com\/1\/?p=104567"},"modified":"2019-07-13T09:28:42","modified_gmt":"2019-07-13T12:28:42","slug":"soldado-da-pm-que-caiu-de-moto-e-ficou-preso-sob-caminhao-precisa-de-doacoes-de-sangue","status":"publish","type":"post","link":"https:\/\/www.caririemacao.com\/1\/2019\/07\/13\/soldado-da-pm-que-caiu-de-moto-e-ficou-preso-sob-caminhao-precisa-de-doacoes-de-sangue\/","title":{"rendered":"Soldado da PM que caiu de moto e ficou preso sob caminh\u00e3o precisa de doa\u00e7\u00f5es de sangue"},"content":{"rendered":"\n<p>soldado Ivankly C\u00e9sar Lustosa Silva, da Pol\u00edcia Militar da Para\u00edba, precisa de doa\u00e7\u00e3o de sangue A+. Ele sofreu um acidente de moto durante o trabalho na Rotam (Rondas Ostensivas T\u00e1ticas com Apoio de Motocicletas), na noite dessa sexta-feira (12).<\/p>\n\n\n\n<p>O policial perdeu o controle da moto a qual pilotava, em uma ladeira no bairro de Cruz das Armas, em Jo\u00e3o Pessoa. O soldado da Rotam, um grupo especializado dentro da PMPB, estava a caminho de uma ocorr\u00eancia quando caiu da moto e ficou preso sob um caminh\u00e3o.<\/p>\n\n\n\n<p>Segundo informou ao ClickPB o coronel Lucas, comandante do 1\u00ba Batalh\u00e3o da PM, o militar foi levado ao Hospital de Trauma da Capital, passou por cirurgia e foi transferido para o HTOP, no bairro de Tambi\u00e1, anexo do Trauma.<\/p>\n","protected":false},"excerpt":{"rendered":"<p>soldado Ivankly C\u00e9sar Lustosa Silva, da Pol\u00edcia Militar da Para\u00edba, precisa de doa\u00e7\u00e3o de sangue A+. Ele sofreu um acidente de moto durante o trabalho&hellip; <\/p>\n","protected":false},"author":1,"featured_media":104568,"comment_status":"closed","ping_status":"closed","sticky":false,"template":"","format":"standard","meta":{"sfsi_plus_gutenberg_text_before_share":"","sfsi_plus_gutenberg_show_text_before_share":"","sfsi_plus_gutenberg_icon_type":"","sfsi_plus_gutenberg_icon_alignemt":"","sfsi_plus_gutenburg_max_per_row":"","footnotes":""},"categories":[2],"tags":[],"class_list":["post-104567","post","type-post","status-publish","format-standard","has-post-thumbnail","hentry","category-geral"],"_links":{"self":[{"href":"https:\/\/www.caririemacao.com\/1\/wp-json\/wp\/v2\/posts\/104567","targetHints":{"allow":["GET"]}}],"collection":[{"href":"https:\/\/www.caririemacao.com\/1\/wp-json\/wp\/v2\/posts"}],"about":[{"href":"https:\/\/www.caririemacao.com\/1\/wp-json\/wp\/v2\/types\/post"}],"author":[{"embeddable":true,"href":"https:\/\/www.caririemacao.com\/1\/wp-json\/wp\/v2\/users\/1"}],"replies":[{"embeddable":true,"href":"https:\/\/www.caririemacao.com\/1\/wp-json\/wp\/v2\/comments?post=104567"}],"version-history":[{"count":1,"href":"https:\/\/www.caririemacao.com\/1\/wp-json\/wp\/v2\/posts\/104567\/revisions"}],"predecessor-version":[{"id":104569,"href":"https:\/\/www.caririemacao.com\/1\/wp-json\/wp\/v2\/posts\/104567\/revisions\/104569"}],"wp:featuredmedia":[{"embeddable":true,"href":"https:\/\/www.caririemacao.com\/1\/wp-json\/wp\/v2\/media\/104568"}],"wp:attachment":[{"href":"https:\/\/www.caririemacao.com\/1\/wp-json\/wp\/v2\/media?parent=104567"}],"wp:term":[{"taxonomy":"category","embeddable":true,"href":"https:\/\/www.caririemacao.com\/1\/wp-json\/wp\/v2\/categories?post=104567"},{"taxonomy":"post_tag","embeddable":true,"href":"https:\/\/www.caririemacao.com\/1\/wp-json\/wp\/v2\/tags?post=104567"}],"curies":[{"name":"wp","href":"https:\/\/api.w.org\/{rel}","templated":true}]}}