{"id":104586,"date":"2019-07-13T12:35:21","date_gmt":"2019-07-13T15:35:21","guid":{"rendered":"http:\/\/www.caririemacao.com\/1\/?p=104586"},"modified":"2019-07-13T12:35:21","modified_gmt":"2019-07-13T15:35:21","slug":"paraiba-tem-20-praias-improprias-ao-banho-neste-fim-de-semana","status":"publish","type":"post","link":"https:\/\/www.caririemacao.com\/1\/2019\/07\/13\/paraiba-tem-20-praias-improprias-ao-banho-neste-fim-de-semana\/","title":{"rendered":"Para\u00edba tem 20 praias impr\u00f3prias ao banho neste fim de semana"},"content":{"rendered":"\n<p>Para\u00edba tem 20 praias que os banhistas devem evitar neste fim de semana, em Jo\u00e3o Pessoa, Cabedelo, Lucena e Pitimbu, conforma relat\u00f3rio da Sudema divulgado nessa sexta-feira (12). Em outros 36 trechos do Litoral paraibano o banho \u00e9 liberado.<\/p>\n\n\n\n<p>Veja quais praias evitar neste fim de semana.<\/p>\n\n\n\n<p><strong>Jo\u00e3o Pessoa<\/strong><\/p>\n\n\n\n<p>&#8211; praia do Bessa, pr\u00f3ximo \u00e0 desembocadura do macei\u00f3;<\/p>\n\n\n\n<p>&#8211; praia de Mana\u00edra, 100 metros \u00e0 direita e \u00e0 esquerda da quadra de Mana\u00edra, dos im\u00f3veis n\u00ba 315 e 1461, localizados na avenida Jo\u00e3o Maur\u00edcio, e da galeria pluvial no final da avenida Senador Ruy Carneiro;<\/p>\n\n\n\n<p>&#8211; praia do Cabo Branco, 100 metros \u00e0 direita e \u00e0 esquerda do final da rua \u00c1urea, da rotat\u00f3ria ao final da avenida Cabo Branco e da desembocadura de galeria pluvial;<\/p>\n\n\n\n<p>&#8211; praia do Seixas, ao final da avenida das Fal\u00e9sias;<\/p>\n\n\n\n<p>&#8211; praia da Penha, em frente \u00e0 desembocadura do Rio do Cabelo;<\/p>\n\n\n\n<p>&#8211; praia do Arraial, em frente \u00e0 desembocadura do Rio Cui\u00e1;<\/p>\n\n\n\n<p>&#8211; praia do Sol, em frente \u00e0 desembocadura do Riacho Camurupim<\/p>\n\n\n\n<p><strong>Cabedelo<\/strong><\/p>\n\n\n\n<p>&#8211; praia do Jacar\u00e9, na margem direita do estu\u00e1rio do rio Para\u00edba;<\/p>\n\n\n\n<p>&#8211; praia do Po\u00e7o, ao final da rua Santa Cavalcante;<\/p>\n\n\n\n<p>&#8211; praia de Ponta de Campina, em frente \u00e0 galeria de \u00e1guas pluviais;<\/p>\n\n\n\n<p><strong>Lucena<\/strong><\/p>\n\n\n\n<p>&#8211; praia de Bonsucesso, ao final da rua Mariano de Souza Falc\u00e3o;<\/p>\n\n\n\n<p>&#8211; praia de Ponta de Lucena, em frente \u00e0 desembocadura da Camboa;<\/p>\n\n\n\n<p>&#8211; praia de Costinha, ao final da rua Ubiratan Galv\u00e3o;<\/p>\n\n\n\n<p><strong>Conde<\/strong><\/p>\n\n\n\n<p>&#8211; praia de Carapibus, ao final da rua Maria Carmelita Vasconcelos;<\/p>\n\n\n\n<p><strong>Pitimbu<\/strong><\/p>\n\n\n\n<p>&#8211; praia do Macei\u00f3, em frente \u00e0 desembocadura do Riacho Engenho Velho;<\/p>\n\n\n\n<p>&#8211; praia da Guarita, 100 metros \u00e0 direita e \u00e0 esquerda da desembocadura da lagoa;<\/p>\n\n\n\n<p>&#8211; praia do Azul\/Santa Rita, em frente \u00e0s galerias de \u00e1guas pluviais;<\/p>\n\n\n\n<p>&#8211; praia de Ponta dos Coqueiros, em frente \u00e0 desembocadura da lagoa;<\/p>\n\n\n\n<p>&#8211; praia de Aca\u00fa\/Pontinha, em frente \u00e0 desembocadura do Rio Goiana;<\/p>\n\n\n\n<p>&#8211; praia de Pitimbu, nas proximidades do final da rua da Paz.<\/p>\n","protected":false},"excerpt":{"rendered":"<p>Para\u00edba tem 20 praias que os banhistas devem evitar neste fim de semana, em Jo\u00e3o Pessoa, Cabedelo, Lucena e Pitimbu, conforma relat\u00f3rio da Sudema divulgado&hellip; <\/p>\n","protected":false},"author":1,"featured_media":104587,"comment_status":"closed","ping_status":"closed","sticky":false,"template":"","format":"standard","meta":{"sfsi_plus_gutenberg_text_before_share":"","sfsi_plus_gutenberg_show_text_before_share":"","sfsi_plus_gutenberg_icon_type":"","sfsi_plus_gutenberg_icon_alignemt":"","sfsi_plus_gutenburg_max_per_row":"","footnotes":""},"categories":[2],"tags":[],"class_list":["post-104586","post","type-post","status-publish","format-standard","has-post-thumbnail","hentry","category-geral"],"_links":{"self":[{"href":"https:\/\/www.caririemacao.com\/1\/wp-json\/wp\/v2\/posts\/104586","targetHints":{"allow":["GET"]}}],"collection":[{"href":"https:\/\/www.caririemacao.com\/1\/wp-json\/wp\/v2\/posts"}],"about":[{"href":"https:\/\/www.caririemacao.com\/1\/wp-json\/wp\/v2\/types\/post"}],"author":[{"embeddable":true,"href":"https:\/\/www.caririemacao.com\/1\/wp-json\/wp\/v2\/users\/1"}],"replies":[{"embeddable":true,"href":"https:\/\/www.caririemacao.com\/1\/wp-json\/wp\/v2\/comments?post=104586"}],"version-history":[{"count":1,"href":"https:\/\/www.caririemacao.com\/1\/wp-json\/wp\/v2\/posts\/104586\/revisions"}],"predecessor-version":[{"id":104588,"href":"https:\/\/www.caririemacao.com\/1\/wp-json\/wp\/v2\/posts\/104586\/revisions\/104588"}],"wp:featuredmedia":[{"embeddable":true,"href":"https:\/\/www.caririemacao.com\/1\/wp-json\/wp\/v2\/media\/104587"}],"wp:attachment":[{"href":"https:\/\/www.caririemacao.com\/1\/wp-json\/wp\/v2\/media?parent=104586"}],"wp:term":[{"taxonomy":"category","embeddable":true,"href":"https:\/\/www.caririemacao.com\/1\/wp-json\/wp\/v2\/categories?post=104586"},{"taxonomy":"post_tag","embeddable":true,"href":"https:\/\/www.caririemacao.com\/1\/wp-json\/wp\/v2\/tags?post=104586"}],"curies":[{"name":"wp","href":"https:\/\/api.w.org\/{rel}","templated":true}]}}