{"id":104593,"date":"2019-07-13T12:40:09","date_gmt":"2019-07-13T15:40:09","guid":{"rendered":"http:\/\/www.caririemacao.com\/1\/?p=104593"},"modified":"2019-07-13T12:40:09","modified_gmt":"2019-07-13T15:40:09","slug":"morre-aos-95-anos-dilma-jane-mae-da-ex-presidente-dilma-rousseff","status":"publish","type":"post","link":"https:\/\/www.caririemacao.com\/1\/2019\/07\/13\/morre-aos-95-anos-dilma-jane-mae-da-ex-presidente-dilma-rousseff\/","title":{"rendered":"Morre aos 95 anos Dilma Jane, m\u00e3e da ex-presidente Dilma Rousseff"},"content":{"rendered":"\n<p>A m\u00e3e da presidente deposta Dilma Rousseff, Dilma Jane Coimbra Silva, morreu neste s\u00e1bado 13 em Belo Horizonte aos 95 anos. Ela enfrentava uma s\u00e9rie de problemas de sa\u00fade, j\u00e1 tendo sido v\u00edtima de embolia pulmonar e um AVC isqu\u00eamico transit\u00f3rio.<\/p>\n\n\n\n<p>Dilma, que est\u00e1 em Londres, viaja de volta a Minas Gerais para participar do vel\u00f3rio.<\/p>\n\n\n\n<p>Quando a petista assumiu a presid\u00eancia, em 2011, sua m\u00e3e morou com ela no Pal\u00e1cio da Alvorada, resid\u00eancia oficial do governo federal. Em 2016, quando ocorreu o golpe, Dona Dilma Jane, j\u00e1 enferma, foi poupada da not\u00edcia.<\/p>\n\n\n\n<p>A ex-presidente recebe solidariedade de v\u00e1rios pol\u00edticos, jornalistas e outras personalidades nas redes sociais.<\/p>\n","protected":false},"excerpt":{"rendered":"<p>A m\u00e3e da presidente deposta Dilma Rousseff, Dilma Jane Coimbra Silva, morreu neste s\u00e1bado 13 em Belo Horizonte aos 95 anos. Ela enfrentava uma s\u00e9rie&hellip; <\/p>\n","protected":false},"author":1,"featured_media":104594,"comment_status":"closed","ping_status":"closed","sticky":false,"template":"","format":"standard","meta":{"sfsi_plus_gutenberg_text_before_share":"","sfsi_plus_gutenberg_show_text_before_share":"","sfsi_plus_gutenberg_icon_type":"","sfsi_plus_gutenberg_icon_alignemt":"","sfsi_plus_gutenburg_max_per_row":"","footnotes":""},"categories":[2],"tags":[],"class_list":["post-104593","post","type-post","status-publish","format-standard","has-post-thumbnail","hentry","category-geral"],"_links":{"self":[{"href":"https:\/\/www.caririemacao.com\/1\/wp-json\/wp\/v2\/posts\/104593","targetHints":{"allow":["GET"]}}],"collection":[{"href":"https:\/\/www.caririemacao.com\/1\/wp-json\/wp\/v2\/posts"}],"about":[{"href":"https:\/\/www.caririemacao.com\/1\/wp-json\/wp\/v2\/types\/post"}],"author":[{"embeddable":true,"href":"https:\/\/www.caririemacao.com\/1\/wp-json\/wp\/v2\/users\/1"}],"replies":[{"embeddable":true,"href":"https:\/\/www.caririemacao.com\/1\/wp-json\/wp\/v2\/comments?post=104593"}],"version-history":[{"count":1,"href":"https:\/\/www.caririemacao.com\/1\/wp-json\/wp\/v2\/posts\/104593\/revisions"}],"predecessor-version":[{"id":104595,"href":"https:\/\/www.caririemacao.com\/1\/wp-json\/wp\/v2\/posts\/104593\/revisions\/104595"}],"wp:featuredmedia":[{"embeddable":true,"href":"https:\/\/www.caririemacao.com\/1\/wp-json\/wp\/v2\/media\/104594"}],"wp:attachment":[{"href":"https:\/\/www.caririemacao.com\/1\/wp-json\/wp\/v2\/media?parent=104593"}],"wp:term":[{"taxonomy":"category","embeddable":true,"href":"https:\/\/www.caririemacao.com\/1\/wp-json\/wp\/v2\/categories?post=104593"},{"taxonomy":"post_tag","embeddable":true,"href":"https:\/\/www.caririemacao.com\/1\/wp-json\/wp\/v2\/tags?post=104593"}],"curies":[{"name":"wp","href":"https:\/\/api.w.org\/{rel}","templated":true}]}}