{"id":104600,"date":"2019-07-13T12:56:26","date_gmt":"2019-07-13T15:56:26","guid":{"rendered":"http:\/\/www.caririemacao.com\/1\/?p=104600"},"modified":"2019-07-13T13:06:46","modified_gmt":"2019-07-13T16:06:46","slug":"edson-lima-e-ricardo-soares-encerram-2a-noite-do-amparo-cabra-fest","status":"publish","type":"post","link":"https:\/\/www.caririemacao.com\/1\/2019\/07\/13\/edson-lima-e-ricardo-soares-encerram-2a-noite-do-amparo-cabra-fest\/","title":{"rendered":"Edson Lima e Ricardo Soares encerram 2\u00aa noite do Amparo Cabra Fest"},"content":{"rendered":"\n<p>O Cantor Edson Lima e Ricardo Soares estiveram fazendo um\ngrande show na cidade de Amparo, na noite desta sexta-feira (12). <\/p>\n\n\n\n<p>A primeira atra\u00e7\u00e3o foi o artista local, Ricardo Soares, em\nseguida Edson Lima e Gatinha Manhosa, encerraram a 2\u00aa noite do Amparo Cabra\nFest.<\/p>\n\n\n\n<p>Antes do in\u00edcio dos shows, o prefeito In\u00e1cio realizou a entrega de uma Van 0km. Na ocasi\u00e3o, v\u00e1rias autoridades estiveram prestigiando o evento entre elas, vereadores, vice-prefeito, e do deputado Tovar.<\/p>\n\n\n\n<p><a href=\"https:\/\/www.facebook.com\/pg\/CaririEmAcao\/photos\/?tab=album&amp;album_id=1596111597191524\">VEJA TODAS AS FOTOS. CLIQUE AQUI.<\/a><\/p>\n","protected":false},"excerpt":{"rendered":"<p>O Cantor Edson Lima e Ricardo Soares estiveram fazendo um grande show na cidade de Amparo, na noite desta sexta-feira (12). A primeira atra\u00e7\u00e3o foi&hellip; <\/p>\n","protected":false},"author":2,"featured_media":104602,"comment_status":"closed","ping_status":"closed","sticky":false,"template":"","format":"standard","meta":{"sfsi_plus_gutenberg_text_before_share":"","sfsi_plus_gutenberg_show_text_before_share":"","sfsi_plus_gutenberg_icon_type":"","sfsi_plus_gutenberg_icon_alignemt":"","sfsi_plus_gutenburg_max_per_row":"","footnotes":""},"categories":[6,50],"tags":[],"class_list":["post-104600","post","type-post","status-publish","format-standard","has-post-thumbnail","hentry","category-cidades","category-destaque"],"_links":{"self":[{"href":"https:\/\/www.caririemacao.com\/1\/wp-json\/wp\/v2\/posts\/104600","targetHints":{"allow":["GET"]}}],"collection":[{"href":"https:\/\/www.caririemacao.com\/1\/wp-json\/wp\/v2\/posts"}],"about":[{"href":"https:\/\/www.caririemacao.com\/1\/wp-json\/wp\/v2\/types\/post"}],"author":[{"embeddable":true,"href":"https:\/\/www.caririemacao.com\/1\/wp-json\/wp\/v2\/users\/2"}],"replies":[{"embeddable":true,"href":"https:\/\/www.caririemacao.com\/1\/wp-json\/wp\/v2\/comments?post=104600"}],"version-history":[{"count":2,"href":"https:\/\/www.caririemacao.com\/1\/wp-json\/wp\/v2\/posts\/104600\/revisions"}],"predecessor-version":[{"id":104622,"href":"https:\/\/www.caririemacao.com\/1\/wp-json\/wp\/v2\/posts\/104600\/revisions\/104622"}],"wp:featuredmedia":[{"embeddable":true,"href":"https:\/\/www.caririemacao.com\/1\/wp-json\/wp\/v2\/media\/104602"}],"wp:attachment":[{"href":"https:\/\/www.caririemacao.com\/1\/wp-json\/wp\/v2\/media?parent=104600"}],"wp:term":[{"taxonomy":"category","embeddable":true,"href":"https:\/\/www.caririemacao.com\/1\/wp-json\/wp\/v2\/categories?post=104600"},{"taxonomy":"post_tag","embeddable":true,"href":"https:\/\/www.caririemacao.com\/1\/wp-json\/wp\/v2\/tags?post=104600"}],"curies":[{"name":"wp","href":"https:\/\/api.w.org\/{rel}","templated":true}]}}