{"id":104606,"date":"2019-07-13T12:51:53","date_gmt":"2019-07-13T15:51:53","guid":{"rendered":"http:\/\/www.caririemacao.com\/1\/?p=104606"},"modified":"2019-07-13T12:51:53","modified_gmt":"2019-07-13T15:51:53","slug":"maia-2o-turno-da-reforma-ficara-para-6-de-agosto","status":"publish","type":"post","link":"https:\/\/www.caririemacao.com\/1\/2019\/07\/13\/maia-2o-turno-da-reforma-ficara-para-6-de-agosto\/","title":{"rendered":"Maia: 2\u00ba turno da reforma ficar\u00e1 para 6 de agosto"},"content":{"rendered":"\n<p>presidente da C\u00e2mara, Rodrigo Maia (DEM-RJ), disse que a vota\u00e7\u00e3o em 2\u00ba turno da reforma da Previd\u00eancia foi marcada para 6 de agosto. Maia projeta que o texto seja votado e enviado ao Senado em 3 dias.<\/p>\n\n\n\n<p>\u201cO mais importante era acabar o 1\u00ba turno. A gente tem sempre que dar um passo depois do outro\u201d, disse.<\/p>\n\n\n\n<p>A C\u00e2mara concluiu a vota\u00e7\u00e3o em 1\u00ba turno da reforma da Previd\u00eancia, incluindo os destaques, nesta 6\u00aa feira (12.jul.2019).<\/p>\n\n\n\n<p>\u201cA gente viu que era imposs\u00edvel pelo quorum acabar amanh\u00e3 [a vota\u00e7\u00e3o em 2\u00ba turno]\u201c, disse. \u201cTeve um deputado que a irm\u00e3 faleceu, o outro ficou doente, o outro foi operado\u2026 Cada com com uma realidade.\u201d<\/p>\n\n\n\n<p>Maia afirmou ainda que o recesso pode fazer com quem deputados mudem de ideia. \u201cPodem mudar a favor da reforma\u201d, disse.<\/p>\n\n\n\n<p>O recesso congressual come\u00e7a em 18 de julho, mas na pr\u00e1tica os deputados finalizaram seus trabalhos nesta 6\u00aa feira (12.jul.2019). Neste ano ser\u00e1 feito um recesso \u201cbranco\u201d, sem previs\u00e3o regimental, isso porque n\u00e3o foi votada a LDO (Lei de Diretrizes Or\u00e7ament\u00e1rias).<\/p>\n\n\n\n<p><strong>Onyx fala em capitaliza\u00e7\u00e3o<\/strong><\/p>\n\n\n\n<p>Exonerado da Casa Civil para votar a favor da Previd\u00eancia como deputado, Onyx Lorenzoni, confirmou a data e disse que em agosto o governo pretende mandar ao Congresso uma PEC (Proposta de Emenda \u00e0 Constitui\u00e7\u00e3o) para tratar da capitaliza\u00e7\u00e3o.<\/p>\n\n\n\n<p>Onyx ainda comemorou a aprova\u00e7\u00e3o do texto da reforma: \u201cResolvemos o passado e o presente pelo sistema de reparti\u00e7\u00e3o e vamos ter um novo regime at\u00e9 o final do ano\u201d.<\/p>\n","protected":false},"excerpt":{"rendered":"<p>presidente da C\u00e2mara, Rodrigo Maia (DEM-RJ), disse que a vota\u00e7\u00e3o em 2\u00ba turno da reforma da Previd\u00eancia foi marcada para 6 de agosto. Maia projeta&hellip; <\/p>\n","protected":false},"author":1,"featured_media":104607,"comment_status":"closed","ping_status":"closed","sticky":false,"template":"","format":"standard","meta":{"sfsi_plus_gutenberg_text_before_share":"","sfsi_plus_gutenberg_show_text_before_share":"","sfsi_plus_gutenberg_icon_type":"","sfsi_plus_gutenberg_icon_alignemt":"","sfsi_plus_gutenburg_max_per_row":"","footnotes":""},"categories":[11],"tags":[],"class_list":["post-104606","post","type-post","status-publish","format-standard","has-post-thumbnail","hentry","category-politica"],"_links":{"self":[{"href":"https:\/\/www.caririemacao.com\/1\/wp-json\/wp\/v2\/posts\/104606","targetHints":{"allow":["GET"]}}],"collection":[{"href":"https:\/\/www.caririemacao.com\/1\/wp-json\/wp\/v2\/posts"}],"about":[{"href":"https:\/\/www.caririemacao.com\/1\/wp-json\/wp\/v2\/types\/post"}],"author":[{"embeddable":true,"href":"https:\/\/www.caririemacao.com\/1\/wp-json\/wp\/v2\/users\/1"}],"replies":[{"embeddable":true,"href":"https:\/\/www.caririemacao.com\/1\/wp-json\/wp\/v2\/comments?post=104606"}],"version-history":[{"count":1,"href":"https:\/\/www.caririemacao.com\/1\/wp-json\/wp\/v2\/posts\/104606\/revisions"}],"predecessor-version":[{"id":104608,"href":"https:\/\/www.caririemacao.com\/1\/wp-json\/wp\/v2\/posts\/104606\/revisions\/104608"}],"wp:featuredmedia":[{"embeddable":true,"href":"https:\/\/www.caririemacao.com\/1\/wp-json\/wp\/v2\/media\/104607"}],"wp:attachment":[{"href":"https:\/\/www.caririemacao.com\/1\/wp-json\/wp\/v2\/media?parent=104606"}],"wp:term":[{"taxonomy":"category","embeddable":true,"href":"https:\/\/www.caririemacao.com\/1\/wp-json\/wp\/v2\/categories?post=104606"},{"taxonomy":"post_tag","embeddable":true,"href":"https:\/\/www.caririemacao.com\/1\/wp-json\/wp\/v2\/tags?post=104606"}],"curies":[{"name":"wp","href":"https:\/\/api.w.org\/{rel}","templated":true}]}}