{"id":104617,"date":"2019-07-13T12:58:25","date_gmt":"2019-07-13T15:58:25","guid":{"rendered":"http:\/\/www.caririemacao.com\/1\/?p=104617"},"modified":"2019-07-13T12:58:25","modified_gmt":"2019-07-13T15:58:25","slug":"bolsonaro-extrai-dente-e-medicos-recomendam-que-ele-evite-falar-por-tres-dias","status":"publish","type":"post","link":"https:\/\/www.caririemacao.com\/1\/2019\/07\/13\/bolsonaro-extrai-dente-e-medicos-recomendam-que-ele-evite-falar-por-tres-dias\/","title":{"rendered":"Bolsonaro extrai dente e m\u00e9dicos recomendam que ele evite falar por tr\u00eas dias"},"content":{"rendered":"\n<p>Ap\u00f3s extrair um dente na tarde desta sexta-feira, o presidente Jair Bolsonaro cancelou a viagem para Florian\u00f3polis, na pr\u00f3xima segunda-feira, onde entregaria \u00f4nibus escolares. A recomenda\u00e7\u00e3o m\u00e9dica \u00e9 que o presidente fa\u00e7a repouso e evite falar pelos pr\u00f3ximos tr\u00eas dias.&nbsp;<\/p>\n\n\n\n<p><\/p>\n\n\n\n<p>A previs\u00e3o \u00e9 que Bolsonaro fique no Pal\u00e1cio da Alvorada todo o fim de semana. Ele, entretanto, deve receber a visita de ministros e do filho o deputado federal Eduardo Bolsonaro (PSL-SP) para discutir a poss\u00edvel indica\u00e7\u00e3o para a Embaixada dos Estados Unidos.<\/p>\n\n\n\n<p><\/p>\n\n\n\n<p>O procedimento odontol\u00f3gico j\u00e1 estava previsto h\u00e1 alguns dias, tanto que, na agenda do presidente divulgada na noite de quinta-feira, n\u00e3o havia compromissos marcados para a tarde desta sexta-feira.<\/p>\n\n\n\n<p><\/p>\n\n\n\n<p>Pela manh\u00e3, o presidente recebeu&nbsp; o deputado estadual Rodrigo Moraes (DEM-SP) e o l\u00edder da Igreja Mundial do Poder de Deus, Valdemiro Santiago. Durante o encontro, ele fez uma transmiss\u00e3o ao vivo pela internet. Na live, disse que pretende enviar &#8220;logo&#8221; ao Congresso um projeto de lei para que seja implantado o voto impresso nas elei\u00e7\u00f5es.<br>Em Florian\u00f3polis, na segunda-feira, Bolsonaro ser\u00e1 substitu\u00eddo pelo ministro-chefe da Casa Civil, Onyx Lorenzoni. J\u00e1 na quarta o presidente embarca para a Argentina onde participar\u00e1 da C\u00fapula do Mercosul, na cidade de Santa F\u00e9.<\/p>\n\n\n\n<p><\/p>\n\n\n\n<p>Ao chegar no Pal\u00e1cio da Alvorada ap\u00f3s o procedimento, o presidente cumprimentou com apoiadores. Em seguida, publicou um v\u00eddeo no Facebook informando que voltou mais cedo para a resid\u00eancia oficial &#8220;ap\u00f3s extrair um dente&#8221; e desejou um &#8220;bom fim de semana a todos&#8221;.<\/p>\n","protected":false},"excerpt":{"rendered":"<p>Ap\u00f3s extrair um dente na tarde desta sexta-feira, o presidente Jair Bolsonaro cancelou a viagem para Florian\u00f3polis, na pr\u00f3xima segunda-feira, onde entregaria \u00f4nibus escolares. A&hellip; <\/p>\n","protected":false},"author":1,"featured_media":104618,"comment_status":"closed","ping_status":"closed","sticky":false,"template":"","format":"standard","meta":{"sfsi_plus_gutenberg_text_before_share":"","sfsi_plus_gutenberg_show_text_before_share":"","sfsi_plus_gutenberg_icon_type":"","sfsi_plus_gutenberg_icon_alignemt":"","sfsi_plus_gutenburg_max_per_row":"","footnotes":""},"categories":[11],"tags":[],"class_list":["post-104617","post","type-post","status-publish","format-standard","has-post-thumbnail","hentry","category-politica"],"_links":{"self":[{"href":"https:\/\/www.caririemacao.com\/1\/wp-json\/wp\/v2\/posts\/104617","targetHints":{"allow":["GET"]}}],"collection":[{"href":"https:\/\/www.caririemacao.com\/1\/wp-json\/wp\/v2\/posts"}],"about":[{"href":"https:\/\/www.caririemacao.com\/1\/wp-json\/wp\/v2\/types\/post"}],"author":[{"embeddable":true,"href":"https:\/\/www.caririemacao.com\/1\/wp-json\/wp\/v2\/users\/1"}],"replies":[{"embeddable":true,"href":"https:\/\/www.caririemacao.com\/1\/wp-json\/wp\/v2\/comments?post=104617"}],"version-history":[{"count":1,"href":"https:\/\/www.caririemacao.com\/1\/wp-json\/wp\/v2\/posts\/104617\/revisions"}],"predecessor-version":[{"id":104619,"href":"https:\/\/www.caririemacao.com\/1\/wp-json\/wp\/v2\/posts\/104617\/revisions\/104619"}],"wp:featuredmedia":[{"embeddable":true,"href":"https:\/\/www.caririemacao.com\/1\/wp-json\/wp\/v2\/media\/104618"}],"wp:attachment":[{"href":"https:\/\/www.caririemacao.com\/1\/wp-json\/wp\/v2\/media?parent=104617"}],"wp:term":[{"taxonomy":"category","embeddable":true,"href":"https:\/\/www.caririemacao.com\/1\/wp-json\/wp\/v2\/categories?post=104617"},{"taxonomy":"post_tag","embeddable":true,"href":"https:\/\/www.caririemacao.com\/1\/wp-json\/wp\/v2\/tags?post=104617"}],"curies":[{"name":"wp","href":"https:\/\/api.w.org\/{rel}","templated":true}]}}