{"id":104624,"date":"2019-07-13T16:52:18","date_gmt":"2019-07-13T19:52:18","guid":{"rendered":"http:\/\/www.caririemacao.com\/1\/?p=104624"},"modified":"2019-07-13T16:52:18","modified_gmt":"2019-07-13T19:52:18","slug":"governo-recebe-ate-segunda-ideias-sobre-protecao-de-direitos-humanos","status":"publish","type":"post","link":"https:\/\/www.caririemacao.com\/1\/2019\/07\/13\/governo-recebe-ate-segunda-ideias-sobre-protecao-de-direitos-humanos\/","title":{"rendered":"Governo recebe at\u00e9 segunda ideias sobre prote\u00e7\u00e3o de direitos humanos"},"content":{"rendered":"\n<p>Minist\u00e9rio da Mulher, da Fam\u00edlia e dos Direitos Humanos (MMFDH) recebe, at\u00e9 a pr\u00f3xima segunda-feira (15), contribui\u00e7\u00f5es sobre prote\u00e7\u00e3o de direitos humanos em empresas.&nbsp;Podem participar integrantes de \u00f3rg\u00e3os federais, empresas e&nbsp;membros da sociedade civil.<\/p>\n\n\n\n<p>A&nbsp;<a href=\"http:\/\/docs.google.com\/forms\/d\/e\/1FAIpQLSeBE_myjLf0EYeGQaGK3SiJyIItB2SOC8ldwIoAa6hse4LP2A\/viewform\" target=\"_blank\" rel=\"noreferrer noopener\">consulta<\/a>&nbsp;est\u00e1 sendo feita por meio da Secretaria Nacional de Prote\u00e7\u00e3o Global, do MMDFH, em parceria com o&nbsp;Programa das Na\u00e7\u00f5es Unidas para o Desenvolvimento (PNUD).<\/p>\n\n\n\n<p>O titular da secretaria, S\u00e9rgio Queiroz, explicou que a&nbsp;coleta das informa\u00e7\u00f5es pode auxiliar o governo federal na consolida\u00e7\u00e3o de pol\u00edticas p\u00fablicas. &#8220;Al\u00e9m disso, a constru\u00e7\u00e3o de uma agenda pol\u00edtica a respeito do tema pode gerar efeitos positivos quanto \u00e0s pretens\u00f5es do pa\u00eds de se tornar membro da Organiza\u00e7\u00e3o para a Coopera\u00e7\u00e3o e Desenvolvimento Econ\u00f4mico das Na\u00e7\u00f5es Unidas (OCDE).\u201d<\/p>\n\n\n\n<p>Em nota, o minist\u00e9rio destaca que o Brasil recebeu, ap\u00f3s visita do&nbsp;Grupo de Trabalho da Organiza\u00e7\u00e3o das Na\u00e7\u00f5es Unidas sobre Empresas e Direitos Humanos ao pa\u00eds, em dezembro de 2015, um conjunto de 28 recomenda\u00e7\u00f5es sobre a tem\u00e1tica. Com a abertura da consulta p\u00fablica, o governo planeja subsidiar resposta ao grupo de trabalho,&nbsp;ao qual ir\u00e1 entregar&nbsp;um relat\u00f3rio.<\/p>\n\n\n\n<p>Conforme a pesquisadora Laura Monteiro Senra, na&nbsp;<a href=\"http:\/\/encurtador.com.br\/evGSZ\" target=\"_blank\" rel=\"noreferrer noopener\">disserta\u00e7\u00e3o<\/a>&nbsp;<em>A constru\u00e7\u00e3o de uma pol\u00edtica p\u00fablica sobre Direitos Humanos e empresas no Brasil<\/em>, a abordagem da quest\u00e3o&nbsp;se intensificou no Brasil a&nbsp;partir de 2012. A advogada lembra que isso se deve ao&nbsp;<a href=\"https:\/\/www.stopcorporateimpunity.org\/?lang=pt-br\" target=\"_blank\" rel=\"noreferrer noopener\">lan\u00e7amento<\/a>&nbsp;da Campanha Global para Reivindicar a Soberania dos&nbsp;Povos, Desmantelar o Poder Corporativo e Acabar com a Impunidade.&nbsp;<\/p>\n\n\n\n<p>Entre as&nbsp;organiza\u00e7\u00f5es brasileiras&nbsp;que integram a rede da campanha est\u00e3o a Terra de Direitos e o Instituto Pol\u00edticas Alternativas para o Cone Sul.<\/p>\n","protected":false},"excerpt":{"rendered":"<p>Minist\u00e9rio da Mulher, da Fam\u00edlia e dos Direitos Humanos (MMFDH) recebe, at\u00e9 a pr\u00f3xima segunda-feira (15), contribui\u00e7\u00f5es sobre prote\u00e7\u00e3o de direitos humanos em empresas.&nbsp;Podem participar&hellip; <\/p>\n","protected":false},"author":1,"featured_media":71191,"comment_status":"closed","ping_status":"closed","sticky":false,"template":"","format":"standard","meta":{"sfsi_plus_gutenberg_text_before_share":"","sfsi_plus_gutenberg_show_text_before_share":"","sfsi_plus_gutenberg_icon_type":"","sfsi_plus_gutenberg_icon_alignemt":"","sfsi_plus_gutenburg_max_per_row":"","footnotes":""},"categories":[2],"tags":[],"class_list":["post-104624","post","type-post","status-publish","format-standard","has-post-thumbnail","hentry","category-geral"],"_links":{"self":[{"href":"https:\/\/www.caririemacao.com\/1\/wp-json\/wp\/v2\/posts\/104624","targetHints":{"allow":["GET"]}}],"collection":[{"href":"https:\/\/www.caririemacao.com\/1\/wp-json\/wp\/v2\/posts"}],"about":[{"href":"https:\/\/www.caririemacao.com\/1\/wp-json\/wp\/v2\/types\/post"}],"author":[{"embeddable":true,"href":"https:\/\/www.caririemacao.com\/1\/wp-json\/wp\/v2\/users\/1"}],"replies":[{"embeddable":true,"href":"https:\/\/www.caririemacao.com\/1\/wp-json\/wp\/v2\/comments?post=104624"}],"version-history":[{"count":1,"href":"https:\/\/www.caririemacao.com\/1\/wp-json\/wp\/v2\/posts\/104624\/revisions"}],"predecessor-version":[{"id":104625,"href":"https:\/\/www.caririemacao.com\/1\/wp-json\/wp\/v2\/posts\/104624\/revisions\/104625"}],"wp:featuredmedia":[{"embeddable":true,"href":"https:\/\/www.caririemacao.com\/1\/wp-json\/wp\/v2\/media\/71191"}],"wp:attachment":[{"href":"https:\/\/www.caririemacao.com\/1\/wp-json\/wp\/v2\/media?parent=104624"}],"wp:term":[{"taxonomy":"category","embeddable":true,"href":"https:\/\/www.caririemacao.com\/1\/wp-json\/wp\/v2\/categories?post=104624"},{"taxonomy":"post_tag","embeddable":true,"href":"https:\/\/www.caririemacao.com\/1\/wp-json\/wp\/v2\/tags?post=104624"}],"curies":[{"name":"wp","href":"https:\/\/api.w.org\/{rel}","templated":true}]}}