{"id":104628,"date":"2019-07-13T19:49:03","date_gmt":"2019-07-13T22:49:03","guid":{"rendered":"http:\/\/www.caririemacao.com\/1\/?p=104628"},"modified":"2019-07-13T19:49:03","modified_gmt":"2019-07-13T22:49:03","slug":"equilibrio-financeiro-e-responsabilida-e-alem-de-empreendedorismo-fazem-o-sucesso-da-gestao-de-inacio-nobrega-no-amparo","status":"publish","type":"post","link":"https:\/\/www.caririemacao.com\/1\/2019\/07\/13\/equilibrio-financeiro-e-responsabilida-e-alem-de-empreendedorismo-fazem-o-sucesso-da-gestao-de-inacio-nobrega-no-amparo\/","title":{"rendered":"Equil\u00edbrio financeiro e responsabilida e, al\u00e9m de empreendedorismo fazem o sucesso da gest\u00e3o de In\u00e1cio N\u00f3brega no Amparo"},"content":{"rendered":"\n<p>O prefeito In\u00e1cio N\u00f3brega est\u00e1 realizando um dos maiores eventos que a cidade do Amparo j\u00e1 recebeu, na 3\u00aa edi\u00e7\u00e3o da AMPARO CABRA FEST e 10\u00aa edi\u00e7\u00e3o da feira Amparo Mostra Ra\u00e7a.<\/p>\n\n\n\n<p><br>A festa realizada com investimentos do governo municipal e parcerias do governo do estado, al\u00e9m de \u00f3rg\u00e3os com bancos, cooperativas, empresas p\u00fablicas e privadas e outros, alavanca a economia local, com \u00eanfase na voca\u00e7\u00e3o regional para caprinovinocultura, al\u00e9m de abrir espa\u00e7o para a negocia\u00e7\u00e3o e o incentivo aos produtores da regi\u00e3o, tudo isso aliado ao oferecimento do lazer, e incremento do turismo de eventos na cidade.<\/p>\n\n\n\n<p><br>In\u00e1cio colhe os frutos da empreitada vision\u00e1ria de aumentar e dar visibilidade a exposi\u00e7\u00e3o local no in\u00edcio de seu governo. Ladeado de uma equipe de secret\u00e1rios eficientes e afinados, e com o apoio de vereadores, inclusive com um numero marcante de ades\u00f5es que deixam o seu projeto pol\u00edtico ainda mais encorpado e pronto para entrar firme e forte em uma disputa em 2020, apesar de o discurso unanime seja de priorizar, mais 18 meses de boa gest\u00e3o que ainda est\u00e3o por vir.<\/p>\n\n\n\n<p><br>As finan\u00e7as equilibradas tamb\u00e9m s\u00e3o fundamentais. Pagamento de fornecedores, colaboradores e principalmente do funcionalismo p\u00fablico rigorosamente em dia, aquisi\u00e7\u00e3o de novos equipamentos, realiza\u00e7\u00e3o de obras e a\u00e7\u00f5es com recursos pr\u00f3prios, e por fim a escolha seletiva de parceiros \u00e0 n\u00edvel de governo do estado, assembleia legislativa e congresso nacional, que s\u00f3 vem a somar e colaborar com o excelente momento que o Amparo vive sob sua gest\u00e3o, e que poder\u00e1 vivendo durante mais 04 anos a partir de 2020.<\/p>\n\n\n\n<p><br><strong>F\u00c1BIO BRITO<\/strong><\/p>\n","protected":false},"excerpt":{"rendered":"<p>O prefeito In\u00e1cio N\u00f3brega est\u00e1 realizando um dos maiores eventos que a cidade do Amparo j\u00e1 recebeu, na 3\u00aa edi\u00e7\u00e3o da AMPARO CABRA FEST e&hellip; <\/p>\n","protected":false},"author":2,"featured_media":104629,"comment_status":"closed","ping_status":"closed","sticky":false,"template":"","format":"standard","meta":{"sfsi_plus_gutenberg_text_before_share":"","sfsi_plus_gutenberg_show_text_before_share":"","sfsi_plus_gutenberg_icon_type":"","sfsi_plus_gutenberg_icon_alignemt":"","sfsi_plus_gutenburg_max_per_row":"","footnotes":""},"categories":[6,50],"tags":[],"class_list":["post-104628","post","type-post","status-publish","format-standard","has-post-thumbnail","hentry","category-cidades","category-destaque"],"_links":{"self":[{"href":"https:\/\/www.caririemacao.com\/1\/wp-json\/wp\/v2\/posts\/104628","targetHints":{"allow":["GET"]}}],"collection":[{"href":"https:\/\/www.caririemacao.com\/1\/wp-json\/wp\/v2\/posts"}],"about":[{"href":"https:\/\/www.caririemacao.com\/1\/wp-json\/wp\/v2\/types\/post"}],"author":[{"embeddable":true,"href":"https:\/\/www.caririemacao.com\/1\/wp-json\/wp\/v2\/users\/2"}],"replies":[{"embeddable":true,"href":"https:\/\/www.caririemacao.com\/1\/wp-json\/wp\/v2\/comments?post=104628"}],"version-history":[{"count":1,"href":"https:\/\/www.caririemacao.com\/1\/wp-json\/wp\/v2\/posts\/104628\/revisions"}],"predecessor-version":[{"id":104630,"href":"https:\/\/www.caririemacao.com\/1\/wp-json\/wp\/v2\/posts\/104628\/revisions\/104630"}],"wp:featuredmedia":[{"embeddable":true,"href":"https:\/\/www.caririemacao.com\/1\/wp-json\/wp\/v2\/media\/104629"}],"wp:attachment":[{"href":"https:\/\/www.caririemacao.com\/1\/wp-json\/wp\/v2\/media?parent=104628"}],"wp:term":[{"taxonomy":"category","embeddable":true,"href":"https:\/\/www.caririemacao.com\/1\/wp-json\/wp\/v2\/categories?post=104628"},{"taxonomy":"post_tag","embeddable":true,"href":"https:\/\/www.caririemacao.com\/1\/wp-json\/wp\/v2\/tags?post=104628"}],"curies":[{"name":"wp","href":"https:\/\/api.w.org\/{rel}","templated":true}]}}