{"id":104632,"date":"2019-07-13T19:55:53","date_gmt":"2019-07-13T22:55:53","guid":{"rendered":"http:\/\/www.caririemacao.com\/1\/?p=104632"},"modified":"2019-07-13T19:55:53","modified_gmt":"2019-07-13T22:55:53","slug":"prefeito-inacio-nobrega-recebe-visita-do-deputado-tovar-entrega-veiculo-para-a-saude-e-traz-gatinha-manhosa-para-2a-noite-do-amparo-cabra-fest","status":"publish","type":"post","link":"https:\/\/www.caririemacao.com\/1\/2019\/07\/13\/prefeito-inacio-nobrega-recebe-visita-do-deputado-tovar-entrega-veiculo-para-a-saude-e-traz-gatinha-manhosa-para-2a-noite-do-amparo-cabra-fest\/","title":{"rendered":"Prefeito In\u00e1cio N\u00f3brega recebe visita do deputado Tovar, entrega ve\u00edculo para a sa\u00fade e traz Gatinha Manhosa para 2\u00aa noite do Amparo Cabra Fest"},"content":{"rendered":"\n<p>O prefeito In\u00e1cio N\u00f3brega recebeu na noite desta sexta feira na cidade do Amparo, a visita de um grande parceiro do desenvolvimento de seu munic\u00edpio, o deputado estadual Tovar Correia Lima.<\/p>\n\n\n\n<p><br>Tovar prestigiou a programa\u00e7\u00e3o da 10\u00aa Festa agricultural Amparo Mostra Ra\u00e7a, e da 3\u00aa Exposi\u00e7\u00e3o Amparo Cabra Fest.<\/p>\n\n\n\n<p><br>Ao lado do vice prefeito Flavio Messias, de secret\u00e1rios municipais e dos vereadores Luis Pequeno, C\u00edcero Maciel, Fernando Fernandes, Duda Barnab\u00e9 e D\u00e9 Pereira, al\u00e9m de suplentes, ex secret\u00e1rios, diretores e ex diretores que fazem parte do seu projeto pol\u00edtico, o gestor iniciou a noite entregando um ve\u00edculo modelo VAN com capacidade para 16 passageiros, mais um (acessibilidade).<\/p>\n\n\n\n<p><br>O ve\u00edculo teve contrapartida de 10 mil reais do governo municipal para sua aquisi\u00e7\u00e3o e servir\u00e1 \u00e0 secretaria de sa\u00fade, no transporte de pacientes para tratamentos m\u00e9dicos em outras cidades.<br>Tamb\u00e9m estiveram ao lado do prefeito, os secret\u00e1rios municipais: Josenice Silva (chefe de gabinete), Junior Sales (obras), Janderli Jos\u00e9 (esportes), Osmando Santos(transportes), Joseilma Anselmo (finan\u00e7as), Fabiana Feitosa (educa\u00e7\u00e3o) e Ver\u00f4nica Rafael da sa\u00fade, esta \u00faltima que vibrou bastante com a entrega do novo benef\u00edcio \u00e0 comunidade amparense.<\/p>\n\n\n\n<p><br><strong>ATRA\u00c7\u00d5ES MUSICAIS<\/strong><\/p>\n\n\n\n<p><br>Ap\u00f3s a entrega do veiculo, houve dois grandes shows musicais com Rodrigo Soares e com o consagrado Edson Lima e a Banda Gatinha Manhosa para um enorme p\u00fablico que lotou a pra\u00e7a central.<br>Neste s\u00e1bado, a previs\u00e3o \u00e9 de um p\u00fablico ainda maior, com as presen\u00e7as das bandas FORR\u00d3 KENT, e do renomado cantor Adu\u00edlio Mendes com passagens em bandas como Mastruz com leite, Magn\u00edficos, e agora sucesso na carreira solo.<\/p>\n\n\n\n<p><br><strong>F\u00c1BIO BRITO<\/strong><\/p>\n","protected":false},"excerpt":{"rendered":"<p>O prefeito In\u00e1cio N\u00f3brega recebeu na noite desta sexta feira na cidade do Amparo, a visita de um grande parceiro do desenvolvimento de seu munic\u00edpio,&hellip; <\/p>\n","protected":false},"author":2,"featured_media":104633,"comment_status":"closed","ping_status":"closed","sticky":false,"template":"","format":"standard","meta":{"sfsi_plus_gutenberg_text_before_share":"","sfsi_plus_gutenberg_show_text_before_share":"","sfsi_plus_gutenberg_icon_type":"","sfsi_plus_gutenberg_icon_alignemt":"","sfsi_plus_gutenburg_max_per_row":"","footnotes":""},"categories":[6,50],"tags":[],"class_list":["post-104632","post","type-post","status-publish","format-standard","has-post-thumbnail","hentry","category-cidades","category-destaque"],"_links":{"self":[{"href":"https:\/\/www.caririemacao.com\/1\/wp-json\/wp\/v2\/posts\/104632","targetHints":{"allow":["GET"]}}],"collection":[{"href":"https:\/\/www.caririemacao.com\/1\/wp-json\/wp\/v2\/posts"}],"about":[{"href":"https:\/\/www.caririemacao.com\/1\/wp-json\/wp\/v2\/types\/post"}],"author":[{"embeddable":true,"href":"https:\/\/www.caririemacao.com\/1\/wp-json\/wp\/v2\/users\/2"}],"replies":[{"embeddable":true,"href":"https:\/\/www.caririemacao.com\/1\/wp-json\/wp\/v2\/comments?post=104632"}],"version-history":[{"count":1,"href":"https:\/\/www.caririemacao.com\/1\/wp-json\/wp\/v2\/posts\/104632\/revisions"}],"predecessor-version":[{"id":104634,"href":"https:\/\/www.caririemacao.com\/1\/wp-json\/wp\/v2\/posts\/104632\/revisions\/104634"}],"wp:featuredmedia":[{"embeddable":true,"href":"https:\/\/www.caririemacao.com\/1\/wp-json\/wp\/v2\/media\/104633"}],"wp:attachment":[{"href":"https:\/\/www.caririemacao.com\/1\/wp-json\/wp\/v2\/media?parent=104632"}],"wp:term":[{"taxonomy":"category","embeddable":true,"href":"https:\/\/www.caririemacao.com\/1\/wp-json\/wp\/v2\/categories?post=104632"},{"taxonomy":"post_tag","embeddable":true,"href":"https:\/\/www.caririemacao.com\/1\/wp-json\/wp\/v2\/tags?post=104632"}],"curies":[{"name":"wp","href":"https:\/\/api.w.org\/{rel}","templated":true}]}}