{"id":104638,"date":"2019-07-14T10:21:56","date_gmt":"2019-07-14T13:21:56","guid":{"rendered":"http:\/\/www.caririemacao.com\/1\/?p=104638"},"modified":"2019-07-14T10:21:56","modified_gmt":"2019-07-14T13:21:56","slug":"policia-militar-fecha-rinha-de-galo-e-prende-homens-na-regiao-do-cariri","status":"publish","type":"post","link":"https:\/\/www.caririemacao.com\/1\/2019\/07\/14\/policia-militar-fecha-rinha-de-galo-e-prende-homens-na-regiao-do-cariri\/","title":{"rendered":"Pol\u00edcia Militar fecha rinha de galo e prende homens na regi\u00e3o do Cariri"},"content":{"rendered":"\n<p>A Pol\u00edcia Militar da cidade de Monteiro efetuou neste \u00faltimo s\u00e1bado(13), uma opera\u00e7\u00e3o policial no S\u00edtio Rancho Verde, zona rural do munic\u00edpio, onde conseguiu atrav\u00e9s de den\u00fancias chegar ao local aonde funcionava uma rinha de galo (briga de galo).<\/p>\n\n\n\n<p>Segundo informa\u00e7\u00f5es apuradas pela nossa reportagem, dois homens foram presos em flagrante juntamente com animais (galos de briga), que j\u00e1 estavam com grandes sinais de maus tratos decorridos das rinhas de galo. No momento da a\u00e7\u00e3o policial ao local, v\u00e1rias pessoas estavam presentes acompanhando a rinha, mas quando notaram a chegada do efetivo policial, alguns se evadiram do local.<\/p>\n\n\n\n<p>O caso agora passar\u00e1 a ser acompanhado pela Pol\u00edcia Civil de Monteiro que tomar\u00e1 as medidas cab\u00edveis.<\/p>\n\n\n\n<p><strong>De Olho no Cariri<\/strong><\/p>\n","protected":false},"excerpt":{"rendered":"<p>A Pol\u00edcia Militar da cidade de Monteiro efetuou neste \u00faltimo s\u00e1bado(13), uma opera\u00e7\u00e3o policial no S\u00edtio Rancho Verde, zona rural do munic\u00edpio, onde conseguiu atrav\u00e9s&hellip; <\/p>\n","protected":false},"author":1,"featured_media":104639,"comment_status":"closed","ping_status":"closed","sticky":false,"template":"","format":"standard","meta":{"sfsi_plus_gutenberg_text_before_share":"","sfsi_plus_gutenberg_show_text_before_share":"","sfsi_plus_gutenberg_icon_type":"","sfsi_plus_gutenberg_icon_alignemt":"","sfsi_plus_gutenburg_max_per_row":"","footnotes":""},"categories":[50,12],"tags":[],"class_list":["post-104638","post","type-post","status-publish","format-standard","has-post-thumbnail","hentry","category-destaque","category-policia"],"_links":{"self":[{"href":"https:\/\/www.caririemacao.com\/1\/wp-json\/wp\/v2\/posts\/104638","targetHints":{"allow":["GET"]}}],"collection":[{"href":"https:\/\/www.caririemacao.com\/1\/wp-json\/wp\/v2\/posts"}],"about":[{"href":"https:\/\/www.caririemacao.com\/1\/wp-json\/wp\/v2\/types\/post"}],"author":[{"embeddable":true,"href":"https:\/\/www.caririemacao.com\/1\/wp-json\/wp\/v2\/users\/1"}],"replies":[{"embeddable":true,"href":"https:\/\/www.caririemacao.com\/1\/wp-json\/wp\/v2\/comments?post=104638"}],"version-history":[{"count":1,"href":"https:\/\/www.caririemacao.com\/1\/wp-json\/wp\/v2\/posts\/104638\/revisions"}],"predecessor-version":[{"id":104640,"href":"https:\/\/www.caririemacao.com\/1\/wp-json\/wp\/v2\/posts\/104638\/revisions\/104640"}],"wp:featuredmedia":[{"embeddable":true,"href":"https:\/\/www.caririemacao.com\/1\/wp-json\/wp\/v2\/media\/104639"}],"wp:attachment":[{"href":"https:\/\/www.caririemacao.com\/1\/wp-json\/wp\/v2\/media?parent=104638"}],"wp:term":[{"taxonomy":"category","embeddable":true,"href":"https:\/\/www.caririemacao.com\/1\/wp-json\/wp\/v2\/categories?post=104638"},{"taxonomy":"post_tag","embeddable":true,"href":"https:\/\/www.caririemacao.com\/1\/wp-json\/wp\/v2\/tags?post=104638"}],"curies":[{"name":"wp","href":"https:\/\/api.w.org\/{rel}","templated":true}]}}