{"id":104646,"date":"2019-07-14T10:25:40","date_gmt":"2019-07-14T13:25:40","guid":{"rendered":"http:\/\/www.caririemacao.com\/1\/?p=104646"},"modified":"2019-07-14T10:25:40","modified_gmt":"2019-07-14T13:25:40","slug":"rodrigo-maia-diz-nao-ver-risco-da-reforma-da-previdencia-perder-votos-para-ser-aprovada-em-2-turno","status":"publish","type":"post","link":"https:\/\/www.caririemacao.com\/1\/2019\/07\/14\/rodrigo-maia-diz-nao-ver-risco-da-reforma-da-previdencia-perder-votos-para-ser-aprovada-em-2-turno\/","title":{"rendered":"Rodrigo Maia diz n\u00e3o ver risco da reforma da Previd\u00eancia perder votos para ser aprovada em 2\u00b0 turno"},"content":{"rendered":"\n<p>O presidente da C\u00e2mara dos Deputados, Rodrigo Maia (DEM-RJ), disse neste s\u00e1bado (13), em entrevista \u00e0 TV Globo, n\u00e3o ver risco de a reforma da Previd\u00eancia perder votos at\u00e9 a primeira semana de agosto para ser aprovada em segundo turno.<br><\/p>\n\n\n\n<p>O texto-base passou em primeiro turno com um placar expressivo de 379 votos a 131. Parlamentares da oposi\u00e7\u00e3o, por\u00e9m, apostam na press\u00e3o de eleitores durante o recesso parlamentar para a virada de votos e uma eventual derrubada ou modifica\u00e7\u00e3o da proposta.<\/p>\n\n\n\n<p>\u201cAcredito o seguinte: se o plen\u00e1rio deu 379 votos sem governo com for\u00e7a para fazer press\u00e3o nos deputados pedindo apoio, pedindo voto \u2013 porque n\u00e3o h\u00e1 um governo de coaliz\u00e3o \u2013, eu n\u00e3o vejo muitos riscos de a gente perder votos at\u00e9 a primeira semana de agosto\u201d, disse.<\/p>\n\n\n\n<p>No per\u00edodo de recesso, que vai de 18 a 31 de julho, os deputados costumam voltar para os seus estados de origem e, em contato com as suas bases, podem virar alvo de cr\u00edticas por seus posicionamentos no plen\u00e1rio e, assim, mudar de ideia.<\/p>\n\n\n\n<p>Por essa raz\u00e3o, Maia trabalhava para j\u00e1 concluir os dois turnos na C\u00e2mara at\u00e9 este s\u00e1bado. No entanto, diante da possibilidade de n\u00e3o haver qu\u00f3rum suficiente para a aprova\u00e7\u00e3o da proposta de emenda \u00e0 Constitui\u00e7\u00e3o (PEC), que exige qu\u00f3rum qualificado, com o apoio de ao menos 308 dos 513 deputados, o segundo turno foi adiado para agosto.<\/p>\n\n\n\n<p>\u201cA estrat\u00e9gia boa era votar tudo [antes do recesso], mas, entre o ideal e o poss\u00edvel, tem que ficar com o poss\u00edvel\u201d, admitiu.<\/p>\n\n\n\n<p>Maia pretende iniciar a an\u00e1lise em segundo turno em 6 de agosto. Na avalia\u00e7\u00e3o dele, \u00e9 poss\u00edvel concluir a vota\u00e7\u00e3o no dia 8, e enviar o texto ao Senado no dia 9 de agosto.<\/p>\n\n\n\n<p>O texto, que mexe nas regras de aposentadoria, foi aprovado em primeiro turno na noite de sexta-feira (12) e, horas depois, teve a reda\u00e7\u00e3o final ratificada pela comiss\u00e3o especial.<\/p>\n\n\n\n<p>Entre outros pontos, a proposta prev\u00ea idade m\u00ednima de aposentadoria de 62 anos para mulheres e 65 anos para homens.<\/p>\n\n\n\n<p>No plen\u00e1rio, os deputados aprovaram quatro modifica\u00e7\u00f5es pontuais no conte\u00fado da reforma:<\/p>\n\n\n\n<p>a flexibiliza\u00e7\u00e3o das exig\u00eancias para aposentadoria de mulheres;<br>regras mais brandas para integrantes de carreiras policiais;<br>redu\u00e7\u00e3o de 20 anos para 15 anos do tempo m\u00ednimo de contribui\u00e7\u00e3o de homens que trabalham na iniciativa privada;<br>regras que beneficiam professores pr\u00f3ximos da aposentadoria.<\/p>\n","protected":false},"excerpt":{"rendered":"<p>O presidente da C\u00e2mara dos Deputados, Rodrigo Maia (DEM-RJ), disse neste s\u00e1bado (13), em entrevista \u00e0 TV Globo, n\u00e3o ver risco de a reforma da&hellip; <\/p>\n","protected":false},"author":1,"featured_media":104647,"comment_status":"closed","ping_status":"closed","sticky":false,"template":"","format":"standard","meta":{"sfsi_plus_gutenberg_text_before_share":"","sfsi_plus_gutenberg_show_text_before_share":"","sfsi_plus_gutenberg_icon_type":"","sfsi_plus_gutenberg_icon_alignemt":"","sfsi_plus_gutenburg_max_per_row":"","footnotes":""},"categories":[11],"tags":[],"class_list":["post-104646","post","type-post","status-publish","format-standard","has-post-thumbnail","hentry","category-politica"],"_links":{"self":[{"href":"https:\/\/www.caririemacao.com\/1\/wp-json\/wp\/v2\/posts\/104646","targetHints":{"allow":["GET"]}}],"collection":[{"href":"https:\/\/www.caririemacao.com\/1\/wp-json\/wp\/v2\/posts"}],"about":[{"href":"https:\/\/www.caririemacao.com\/1\/wp-json\/wp\/v2\/types\/post"}],"author":[{"embeddable":true,"href":"https:\/\/www.caririemacao.com\/1\/wp-json\/wp\/v2\/users\/1"}],"replies":[{"embeddable":true,"href":"https:\/\/www.caririemacao.com\/1\/wp-json\/wp\/v2\/comments?post=104646"}],"version-history":[{"count":1,"href":"https:\/\/www.caririemacao.com\/1\/wp-json\/wp\/v2\/posts\/104646\/revisions"}],"predecessor-version":[{"id":104648,"href":"https:\/\/www.caririemacao.com\/1\/wp-json\/wp\/v2\/posts\/104646\/revisions\/104648"}],"wp:featuredmedia":[{"embeddable":true,"href":"https:\/\/www.caririemacao.com\/1\/wp-json\/wp\/v2\/media\/104647"}],"wp:attachment":[{"href":"https:\/\/www.caririemacao.com\/1\/wp-json\/wp\/v2\/media?parent=104646"}],"wp:term":[{"taxonomy":"category","embeddable":true,"href":"https:\/\/www.caririemacao.com\/1\/wp-json\/wp\/v2\/categories?post=104646"},{"taxonomy":"post_tag","embeddable":true,"href":"https:\/\/www.caririemacao.com\/1\/wp-json\/wp\/v2\/tags?post=104646"}],"curies":[{"name":"wp","href":"https:\/\/api.w.org\/{rel}","templated":true}]}}