{"id":104689,"date":"2019-07-14T13:32:41","date_gmt":"2019-07-14T16:32:41","guid":{"rendered":"http:\/\/www.caririemacao.com\/1\/?p=104689"},"modified":"2019-07-14T13:32:41","modified_gmt":"2019-07-14T16:32:41","slug":"botafogo-pb-e-santa-cruz-se-enfrentam-pela-serie-c-em-recife","status":"publish","type":"post","link":"https:\/\/www.caririemacao.com\/1\/2019\/07\/14\/botafogo-pb-e-santa-cruz-se-enfrentam-pela-serie-c-em-recife\/","title":{"rendered":"Botafogo-PB e Santa Cruz se enfrentam pela S\u00e9rie C em Recife"},"content":{"rendered":"\n<p>O confronto entre Santa Cruz e Botafogo-PB envolve, al\u00e9m da briga direta para ficar entre os quatro primeiros do Grupo A da S\u00e9rie C, a busca por vit\u00f3ria ap\u00f3s sequ\u00eancia de dois jogos de derrota. Os times v\u00e3o para a partida \u00e0s 18h deste domingo com objetivos similares na competi\u00e7\u00e3o.<\/p>\n\n\n\n<p>No jogo v\u00e1lido pela 3\u00aa rodada, os times ficaram no empate por 1&#215;1 e tamb\u00e9m viviam situa\u00e7\u00e3o parecida. Hoje, o Botafogo-PB est\u00e1 em quarto lugar, enquanto o Santa Cruz \u00e9 o quinto, com o mesmo n\u00famero de pontos, havendo a diferen\u00e7a no saldo de gols &#8211; que garante, no momento, o time paraibano no G-4.<\/p>\n\n\n\n<p>O Santa Cruz vem de mais uma derrota para o Ferrovi\u00e1rio-CE, por 2 a 0. O insucesso foi o segundo de Milton Mendes \u00e0 frente do comando coral neste seu retorno ao clube. Agora, para enfrentar o Botafogo-PB, o time ter\u00e1 tr\u00eas mudan\u00e7as. Marcelo Mattos foi sacado ap\u00f3s realizar seu primeiro jogo como titular contra o Ferrovi\u00e1rio. Entra no lugar dele Kadu, que far\u00e1 sua estreia pelo Tricolor. Outra altera\u00e7\u00e3o ser\u00e1 Augusto no lugar de \u00c9verton, suspenso devido ao terceiro cart\u00e3o amarelo. Pipico, que durante a semana foi d\u00favida em virtude de uma les\u00e3o na panturrilha direita, deve ir para o jogo.<\/p>\n\n\n\n<p>Cesinha ganhou a vaga de Bruno R\u00e9 na lateral esquerda. Na direita, onde Cesinha jogou contra o Ferrovi\u00e1rio-CE, Marcos Martins volta por op\u00e7\u00e3o de Milton.<\/p>\n\n\n\n<p>O Botafogo-PB deve ter algumas mudan\u00e7as para o jogo deste domingo. Em busca de mais solidez defensiva, Evaristo Piza testou uma forma\u00e7\u00e3o um pouco mais consistente na marca\u00e7\u00e3o. Para isso, sacou o atacante Kelvin e colocou o volante Serginho nos treinamentos da semana. Al\u00e9m disso, Enercino deve atuar improvisado de lateral-esquerdo, j\u00e1 que Neuton e F\u00e1bio Alves est\u00e3o lesionados.<\/p>\n\n\n\n<p>Joao Batista de Arruda apita a partida, sendo auxiliado por Carlos Henrique Cardoso de Souza e Daniel de Oliveira Alves Pereira. O trio \u00e9 do Rio de Janeiro.<\/p>\n","protected":false},"excerpt":{"rendered":"<p>O confronto entre Santa Cruz e Botafogo-PB envolve, al\u00e9m da briga direta para ficar entre os quatro primeiros do Grupo A da S\u00e9rie C, a&hellip; <\/p>\n","protected":false},"author":1,"featured_media":104691,"comment_status":"closed","ping_status":"closed","sticky":false,"template":"","format":"standard","meta":{"sfsi_plus_gutenberg_text_before_share":"","sfsi_plus_gutenberg_show_text_before_share":"","sfsi_plus_gutenberg_icon_type":"","sfsi_plus_gutenberg_icon_alignemt":"","sfsi_plus_gutenburg_max_per_row":"","footnotes":""},"categories":[13],"tags":[],"class_list":["post-104689","post","type-post","status-publish","format-standard","has-post-thumbnail","hentry","category-esportes"],"_links":{"self":[{"href":"https:\/\/www.caririemacao.com\/1\/wp-json\/wp\/v2\/posts\/104689","targetHints":{"allow":["GET"]}}],"collection":[{"href":"https:\/\/www.caririemacao.com\/1\/wp-json\/wp\/v2\/posts"}],"about":[{"href":"https:\/\/www.caririemacao.com\/1\/wp-json\/wp\/v2\/types\/post"}],"author":[{"embeddable":true,"href":"https:\/\/www.caririemacao.com\/1\/wp-json\/wp\/v2\/users\/1"}],"replies":[{"embeddable":true,"href":"https:\/\/www.caririemacao.com\/1\/wp-json\/wp\/v2\/comments?post=104689"}],"version-history":[{"count":1,"href":"https:\/\/www.caririemacao.com\/1\/wp-json\/wp\/v2\/posts\/104689\/revisions"}],"predecessor-version":[{"id":104692,"href":"https:\/\/www.caririemacao.com\/1\/wp-json\/wp\/v2\/posts\/104689\/revisions\/104692"}],"wp:featuredmedia":[{"embeddable":true,"href":"https:\/\/www.caririemacao.com\/1\/wp-json\/wp\/v2\/media\/104691"}],"wp:attachment":[{"href":"https:\/\/www.caririemacao.com\/1\/wp-json\/wp\/v2\/media?parent=104689"}],"wp:term":[{"taxonomy":"category","embeddable":true,"href":"https:\/\/www.caririemacao.com\/1\/wp-json\/wp\/v2\/categories?post=104689"},{"taxonomy":"post_tag","embeddable":true,"href":"https:\/\/www.caririemacao.com\/1\/wp-json\/wp\/v2\/tags?post=104689"}],"curies":[{"name":"wp","href":"https:\/\/api.w.org\/{rel}","templated":true}]}}