{"id":104706,"date":"2019-07-14T14:10:07","date_gmt":"2019-07-14T17:10:07","guid":{"rendered":"http:\/\/www.caririemacao.com\/1\/?p=104706"},"modified":"2019-07-14T14:10:07","modified_gmt":"2019-07-14T17:10:07","slug":"que-a-argentina-reflita-muito-sobre-visita-a-lula-diz-bolsonaro","status":"publish","type":"post","link":"https:\/\/www.caririemacao.com\/1\/2019\/07\/14\/que-a-argentina-reflita-muito-sobre-visita-a-lula-diz-bolsonaro\/","title":{"rendered":"&#8220;Que a Argentina reflita muito sobre visita a Lula&#8217;, diz Bolsonaro"},"content":{"rendered":"\n<p>\u00c0s v\u00e9speras de uma nova viagem para a Argentina, para compromissos do Mercosul , o presidente Jair Bolsonaro declarou ao jornal argentino &#8220;Clar\u00edn&#8221; que espera que o pa\u00eds vizinho &#8220;reflita muito sobre essa visita de seu candidato a Lula&#8221;. Apoiado pela ex-presidente Cristina Kirchner, Alberto Fern\u00e1ndez visitou o ex-presidente Luiz In\u00e1cio Lula&nbsp; da Silva, na Superintend\u00eancia da Pol\u00edcia Federal do Paran\u00e1, em&nbsp; Curitiba , no come\u00e7o de julho.&nbsp;<\/p>\n\n\n\n<p>Na ocasi\u00e3o, ele criticou a pris\u00e3o do l\u00edder petista, afirmando tratar-se de uma &#8220;m\u00e1cula ao Estado de Direito&#8221;. E prometeu se manter ao lado do brasileiro, que cumpre pena de oito anos e dez meses de pris\u00e3o no caso do tr\u00edplex do Guaruj\u00e1.<\/p>\n\n\n\n<p>&#8220;O candidato de Cristina Kirchner n\u00e3o conhece a realidade brasileira. Aqui confiamos em nossas institui\u00e7\u00f5es. Lula foi condenado em tr\u00eas inst\u00e2ncias. Espero que a Argentina reflita muito sobre essa visita de seu candidato a Lula&#8221;, declarou o presidente ao jornal.<\/p>\n\n\n\n<p>&#8220;O candidato de Cristina Kirchner disse que revisaria (o acordo) Mercosul-Uni\u00e3o Europeia . Isso vai trazer problemas econ\u00f4micos para Brasil, Argentina, Uruguai e Paraguai. Estamos focados na economia. Um governo com a economia fraca n\u00e3o se sustenta. E eu n\u00e3o quero que a Argentina siga a linha da Venezuela. Por isso que apoio a reelei\u00e7\u00e3o de Macri. Na verdade, apoio apenas que Cristina Kirchner n\u00e3o volte ao poder, tendo consci\u00eancia de que n\u00e3o vou interferir politicamene em outro pa\u00eds&#8221;, completou.<\/p>\n\n\n\n<p><strong>Sempre associar Kirchner a Venezuela<\/strong><\/p>\n\n\n\n<p>Como revelou O GLOBO, em uma reuni\u00e3o entre o deputado federal Eduardo Bolsonaro (PSL-SP) e um alto funcion\u00e1rio do governo da Argentina em maio, o filho do presidente, que preside a Comiss\u00e3o de Rela\u00e7\u00f5es Exteriores e Defesa da C\u00e2mara e atua como representante informal do governo no exterior, conversou com um alto funcion\u00e1rio sobre o cen\u00e1rio eleitoral argentino e perguntou como o Brasil poderia colaborar com a campanha pela reelei\u00e7\u00e3o do presidente Macri.<\/p>\n\n\n\n<p>Segundo contou outra alta fonte argentina, a resposta do funcion\u00e1rio de Macri foi taxativa: \u201cRelacionem, sempre que poss\u00edvel, a ex-presidente Cristina Kirchner (2007-2015) com a Venezuela\u201d.<\/p>\n\n\n\n<p>Isso foi exatamente o que fez o presidente brasileiro em sua primeira visita de Estado \u00e0 Argentina . E o pedido feito pelo funcion\u00e1rio argentino ao deputado Bolsonaro inspirou um dos pontos escritos pelo filho do presidente nos pap\u00e9is que trouxe a Buenos Aires como uma esp\u00e9cie de roteiro da visita de Estado de seu pai.<\/p>\n\n\n\n<p>Uma de suas anota\u00e7\u00f5es dizia \u201cque Brasil e Argentina n\u00e3o virem novas Venezuelas \u201d. No caso da Argentina, isso significa, em outras palavras, pedir aos argentinos que n\u00e3o votem pelo retorno de Cristina ao poder..<\/p>\n\n\n\n<p>Embora a senadora tenha decidido ser candidata \u00e0 vice, deixando a candidatura presidencial nas m\u00e3os de seu ex-chefe de gabinete, Alberto Fern\u00e1ndez, a elei\u00e7\u00e3o j\u00e1 est\u00e1 polarizada entre Macri e sua antecessora.<\/p>\n","protected":false},"excerpt":{"rendered":"<p>\u00c0s v\u00e9speras de uma nova viagem para a Argentina, para compromissos do Mercosul , o presidente Jair Bolsonaro declarou ao jornal argentino &#8220;Clar\u00edn&#8221; que espera&hellip; <\/p>\n","protected":false},"author":1,"featured_media":104707,"comment_status":"closed","ping_status":"closed","sticky":false,"template":"","format":"standard","meta":{"sfsi_plus_gutenberg_text_before_share":"","sfsi_plus_gutenberg_show_text_before_share":"","sfsi_plus_gutenberg_icon_type":"","sfsi_plus_gutenberg_icon_alignemt":"","sfsi_plus_gutenburg_max_per_row":"","footnotes":""},"categories":[11],"tags":[],"class_list":["post-104706","post","type-post","status-publish","format-standard","has-post-thumbnail","hentry","category-politica"],"_links":{"self":[{"href":"https:\/\/www.caririemacao.com\/1\/wp-json\/wp\/v2\/posts\/104706","targetHints":{"allow":["GET"]}}],"collection":[{"href":"https:\/\/www.caririemacao.com\/1\/wp-json\/wp\/v2\/posts"}],"about":[{"href":"https:\/\/www.caririemacao.com\/1\/wp-json\/wp\/v2\/types\/post"}],"author":[{"embeddable":true,"href":"https:\/\/www.caririemacao.com\/1\/wp-json\/wp\/v2\/users\/1"}],"replies":[{"embeddable":true,"href":"https:\/\/www.caririemacao.com\/1\/wp-json\/wp\/v2\/comments?post=104706"}],"version-history":[{"count":1,"href":"https:\/\/www.caririemacao.com\/1\/wp-json\/wp\/v2\/posts\/104706\/revisions"}],"predecessor-version":[{"id":104708,"href":"https:\/\/www.caririemacao.com\/1\/wp-json\/wp\/v2\/posts\/104706\/revisions\/104708"}],"wp:featuredmedia":[{"embeddable":true,"href":"https:\/\/www.caririemacao.com\/1\/wp-json\/wp\/v2\/media\/104707"}],"wp:attachment":[{"href":"https:\/\/www.caririemacao.com\/1\/wp-json\/wp\/v2\/media?parent=104706"}],"wp:term":[{"taxonomy":"category","embeddable":true,"href":"https:\/\/www.caririemacao.com\/1\/wp-json\/wp\/v2\/categories?post=104706"},{"taxonomy":"post_tag","embeddable":true,"href":"https:\/\/www.caririemacao.com\/1\/wp-json\/wp\/v2\/tags?post=104706"}],"curies":[{"name":"wp","href":"https:\/\/api.w.org\/{rel}","templated":true}]}}