{"id":104711,"date":"2019-07-14T14:27:16","date_gmt":"2019-07-14T17:27:16","guid":{"rendered":"http:\/\/www.caririemacao.com\/1\/?p=104711"},"modified":"2019-07-14T14:27:16","modified_gmt":"2019-07-14T17:27:16","slug":"area-de-protecao-aumenta-para-107-a-preservacao-costeira-da-paraiba","status":"publish","type":"post","link":"https:\/\/www.caririemacao.com\/1\/2019\/07\/14\/area-de-protecao-aumenta-para-107-a-preservacao-costeira-da-paraiba\/","title":{"rendered":"\u00c1rea de prote\u00e7\u00e3o aumenta para 10,7% a preserva\u00e7\u00e3o costeira da Para\u00edba"},"content":{"rendered":"\n<p>Uma nova \u00c1rea de Prote\u00e7\u00e3o Ambiental (APA) localizada na costa da Para\u00edba aumenta para 10,7% a \u00e1rea de preserva\u00e7\u00e3o costeira no estado. Antes da cria\u00e7\u00e3o da APA, nomeada Naufr\u00e1gio Queimado, apenas 0,5% da costa era protegida. Tr\u00eas embarca\u00e7\u00f5es naufragadas tamb\u00e9m est\u00e3o inclu\u00eddas na unidade de conserva\u00e7\u00e3o.<\/p>\n\n\n\n<figure class=\"wp-block-image\"><img decoding=\"async\" data-src=\"http:\/\/imagens.ebc.com.br\/Z5Jvb_YEp8E6GyhAv0U9XFuYfMQ=\/754x0\/smart\/http:\/\/agenciabrasil.ebc.com.br\/sites\/default\/files\/thumbnails\/image\/naufragio_queimado_2_2.jpg?itok=2yEKmmt8\" alt=\" APA Naufr\u00e1gio Queimado\" src=\"data:image\/svg+xml;base64,PHN2ZyB3aWR0aD0iMSIgaGVpZ2h0PSIxIiB4bWxucz0iaHR0cDovL3d3dy53My5vcmcvMjAwMC9zdmciPjwvc3ZnPg==\" class=\"lazyload\" \/><\/figure>\n\n\n\n<p>APA Naufr\u00e1gio Queimado &#8211;&nbsp;<strong>Braulio Santos\/Direitos Reservados<\/strong><\/p>\n\n\n\n<p>Considerada atualmente a maior \u00e1rea de prote\u00e7\u00e3o do estado, ela se estende pelo litoral de Jo\u00e3o Pessoa e de Cabedelo e abrange uma \u00e1rea de aproximadamente 420 km\u00b2 (cerca de 42 mil hectares). A APA vai possibilitar a preserva\u00e7\u00e3o de recifes, peixes, crust\u00e1ceos e outros animais \u2013 incluindo esp\u00e9cies amea\u00e7adas, como tubar\u00e3o-lixa, toninha e peixe-boi-marinho e prote\u00e7\u00e3o de desovas de tartarugas.<\/p>\n\n\n\n<figure class=\"wp-block-image\"><img decoding=\"async\" data-src=\"http:\/\/imagens.ebc.com.br\/5YPncB_8kBHg4pZzlwA1ExFwWEg=\/754x0\/smart\/http:\/\/agenciabrasil.ebc.com.br\/sites\/default\/files\/thumbnails\/image\/lixa_no_alvarenga2_2.jpg?itok=314CT_Fa\" alt=\" APA Naufr\u00e1gio Queimado\" src=\"data:image\/svg+xml;base64,PHN2ZyB3aWR0aD0iMSIgaGVpZ2h0PSIxIiB4bWxucz0iaHR0cDovL3d3dy53My5vcmcvMjAwMC9zdmciPjwvc3ZnPg==\" class=\"lazyload\" \/><\/figure>\n\n\n\n<p>APA Naufr\u00e1gio Queimado &#8211;&nbsp;<strong>Braulio Santos\/Direitos Reservados<\/strong><br><\/p>\n\n\n\n<p>Os navios afundados no s\u00e9culo passado, conhecidos como Alice, Alvarenga e Queimado, s\u00e3o atualmente habitados por corais e outras esp\u00e9cies marinhas, al\u00e9m de guardar fragmentos da hist\u00f3ria.<\/p>\n\n\n\n<p>\u201cO projeto come\u00e7ou com bases cient\u00edficas, monitoramento das esp\u00e9cies e do ambiente para identificar o diagn\u00f3stico de preserva\u00e7\u00e3o e propor medidas que favore\u00e7am a conserva\u00e7\u00e3o da natureza\u201d, disse Robson Capretz, coordenador de Ci\u00eancia e Conserva\u00e7\u00e3o da Funda\u00e7\u00e3o Grupo Botic\u00e1rio de Prote\u00e7\u00e3o \u00e0 Natureza, sobre a idealiza\u00e7\u00e3o da APA.<\/p>\n\n\n\n<p>O projeto da \u00e1rea de prote\u00e7\u00e3o foi idealizado por professores e alunos da Universidade Federal da Para\u00edba (UFPB), com financiamento da Funda\u00e7\u00e3o Grupo Botic\u00e1rio de Prote\u00e7\u00e3o \u00e0 Natureza. Com isso, foram identificadas quais medidas seriam necess\u00e1rias e cab\u00edveis para incentivar a prote\u00e7\u00e3o da natureza e manter as atividades econ\u00f4micas locais, como pesca e atividades de turismo \u201cdesde que controladas e respeitando-se a manuten\u00e7\u00e3o da biodiversidade e servi\u00e7os ecossist\u00eamicos\u201d, conforme explicou Capretz.&nbsp;<\/p>\n\n\n\n<figure class=\"wp-block-image\"><img decoding=\"async\" data-src=\"http:\/\/imagens.ebc.com.br\/JipL0uEAhp4kK3d6VJMvO2dphcE=\/754x0\/smart\/http:\/\/agenciabrasil.ebc.com.br\/sites\/default\/files\/thumbnails\/image\/naufragio_alvarenga_1_2.jpg?itok=NrDIdmom\" alt=\" APA Naufr\u00e1gio Queimado\" src=\"data:image\/svg+xml;base64,PHN2ZyB3aWR0aD0iMSIgaGVpZ2h0PSIxIiB4bWxucz0iaHR0cDovL3d3dy53My5vcmcvMjAwMC9zdmciPjwvc3ZnPg==\" class=\"lazyload\" \/><\/figure>\n\n\n\n<p>APA Naufr\u00e1gio Queimado &#8211;&nbsp;<strong>Braulio Santos\/Direitos Reservados<\/strong><br><\/p>\n\n\n\n<p>Junto ao governo paraibano, concluiu-se que a cria\u00e7\u00e3o de uma APA era o modelo de conserva\u00e7\u00e3o mais adequado para conciliar as atividades que havia ali com a prote\u00e7\u00e3o da regi\u00e3o. O decreto de cria\u00e7\u00e3o da APA \u00e9 de dezembro do ano passado, quando se iniciou a concretiza\u00e7\u00e3o do projeto da UFPB. Na fase atual do projeto, todos envolvidos -academia, sociedade civil e governo &#8211; s\u00e3o respons\u00e1veis pela implementa\u00e7\u00e3o, regramento e di\u00e1logos com comunidades locais.<\/p>\n\n\n\n<p>Sua implementa\u00e7\u00e3o tem como pontos principais: proteger a diversidade biol\u00f3gica marinha; disciplinar o turismo ecol\u00f3gico, cient\u00edfico e cultural; fortalecer e estimular atividades econ\u00f4micas sustent\u00e1veis no local; proteger o patrim\u00f4nio arqueol\u00f3gico marinho; e assegurar o uso respons\u00e1vel dos recursos naturais.<\/p>\n\n\n\n<figure class=\"wp-block-image\"><img decoding=\"async\" data-src=\"http:\/\/imagens.ebc.com.br\/l8l2v-uow94SaKBQ03Xqx05oSyY=\/754x0\/smart\/http:\/\/agenciabrasil.ebc.com.br\/sites\/default\/files\/thumbnails\/image\/c._mydas_2.jpeg?itok=BuANF4NN\" alt=\" APA Naufr\u00e1gio Queimado\" src=\"data:image\/svg+xml;base64,PHN2ZyB3aWR0aD0iMSIgaGVpZ2h0PSIxIiB4bWxucz0iaHR0cDovL3d3dy53My5vcmcvMjAwMC9zdmciPjwvc3ZnPg==\" class=\"lazyload\" \/><\/figure>\n\n\n\n<p>APA Naufr\u00e1gio Queimado &#8211;&nbsp;<strong>Braulio Santos\/Direitos Reservados<\/strong><br><\/p>\n\n\n\n<p>Para o professor da UFPB, Br\u00e1ulio Santos, que conduz o projeto, a APA vai garantir sustentabilidade ambiental e social das atividades econ\u00f4micas desenvolvidas na costa paraibana. Uma vez criada por decreto, a APA est\u00e1 sob responsabilidade da Superintend\u00eancia de Administra\u00e7\u00e3o do Meio Ambiente (Sudema) do governo da Para\u00edba.<\/p>\n\n\n\n<p>\u201cAo disciplinar as a\u00e7\u00f5es no local, solucionaremos os conflitos hist\u00f3ricos entre a pesca e o turismo nos recifes costeiros, al\u00e9m de empoderarmos comunidades de pescadores artesanais e conservarmos um patrim\u00f4nio biol\u00f3gico e arqueol\u00f3gico \u00fanico. Se bem implementada pelo governo do estado, a APA poder\u00e1 se tornar uma refer\u00eancia nacional na gest\u00e3o dos ecossistemas marinhos costeiros, que t\u00eam sido muito degradados pela polui\u00e7\u00e3o das cidades, pela sobrepesca e pelo turismo desordenado\u201d, disse.<\/p>\n","protected":false},"excerpt":{"rendered":"<p>Uma nova \u00c1rea de Prote\u00e7\u00e3o Ambiental (APA) localizada na costa da Para\u00edba aumenta para 10,7% a \u00e1rea de preserva\u00e7\u00e3o costeira no estado. Antes da cria\u00e7\u00e3o&hellip; <\/p>\n","protected":false},"author":1,"featured_media":104712,"comment_status":"closed","ping_status":"closed","sticky":false,"template":"","format":"standard","meta":{"sfsi_plus_gutenberg_text_before_share":"","sfsi_plus_gutenberg_show_text_before_share":"","sfsi_plus_gutenberg_icon_type":"","sfsi_plus_gutenberg_icon_alignemt":"","sfsi_plus_gutenburg_max_per_row":"","footnotes":""},"categories":[2],"tags":[],"class_list":["post-104711","post","type-post","status-publish","format-standard","has-post-thumbnail","hentry","category-geral"],"_links":{"self":[{"href":"https:\/\/www.caririemacao.com\/1\/wp-json\/wp\/v2\/posts\/104711","targetHints":{"allow":["GET"]}}],"collection":[{"href":"https:\/\/www.caririemacao.com\/1\/wp-json\/wp\/v2\/posts"}],"about":[{"href":"https:\/\/www.caririemacao.com\/1\/wp-json\/wp\/v2\/types\/post"}],"author":[{"embeddable":true,"href":"https:\/\/www.caririemacao.com\/1\/wp-json\/wp\/v2\/users\/1"}],"replies":[{"embeddable":true,"href":"https:\/\/www.caririemacao.com\/1\/wp-json\/wp\/v2\/comments?post=104711"}],"version-history":[{"count":1,"href":"https:\/\/www.caririemacao.com\/1\/wp-json\/wp\/v2\/posts\/104711\/revisions"}],"predecessor-version":[{"id":104713,"href":"https:\/\/www.caririemacao.com\/1\/wp-json\/wp\/v2\/posts\/104711\/revisions\/104713"}],"wp:featuredmedia":[{"embeddable":true,"href":"https:\/\/www.caririemacao.com\/1\/wp-json\/wp\/v2\/media\/104712"}],"wp:attachment":[{"href":"https:\/\/www.caririemacao.com\/1\/wp-json\/wp\/v2\/media?parent=104711"}],"wp:term":[{"taxonomy":"category","embeddable":true,"href":"https:\/\/www.caririemacao.com\/1\/wp-json\/wp\/v2\/categories?post=104711"},{"taxonomy":"post_tag","embeddable":true,"href":"https:\/\/www.caririemacao.com\/1\/wp-json\/wp\/v2\/tags?post=104711"}],"curies":[{"name":"wp","href":"https:\/\/api.w.org\/{rel}","templated":true}]}}