{"id":104717,"date":"2019-07-14T14:28:59","date_gmt":"2019-07-14T17:28:59","guid":{"rendered":"http:\/\/www.caririemacao.com\/1\/?p=104717"},"modified":"2019-07-14T14:28:59","modified_gmt":"2019-07-14T17:28:59","slug":"camara-pode-votar-destaques-a-nova-lei-de-licitacoes","status":"publish","type":"post","link":"https:\/\/www.caririemacao.com\/1\/2019\/07\/14\/camara-pode-votar-destaques-a-nova-lei-de-licitacoes\/","title":{"rendered":"C\u00e2mara pode votar destaques \u00e0 nova Lei de Licita\u00e7\u00f5es"},"content":{"rendered":"\n<p>Ap\u00f3s uma semana intensa na C\u00e2mara dos Deputados em raz\u00e3o da\u00a0vota\u00e7\u00e3o em primeiro turno da proposta de emenda \u00e0 Constitui\u00e7\u00e3o (PEC 6\/19) da reforma da Previd\u00eancia\u00a0, os deputados podem voltar esta semana a apreciar os destaques com sugest\u00f5es de mudan\u00e7as ao texto-base da nova Lei de Licita\u00e7\u00f5es (PL 1292\/95) aprovado no dia 25 de junho. Ap\u00f3s a conclus\u00e3o da vota\u00e7\u00e3o da mat\u00e9ria no plen\u00e1rio da C\u00e2mara, o projeto segue para o Senado.<\/p>\n\n\n\n<p>Se n\u00e3o forem votados at\u00e9 dia 17 de julho, v\u00e9spera do recesso parlamentar, os destaques s\u00f3 poder\u00e3o ser analisados a partir do dia 6 de agosto, quando os deputados voltam aos trabalhos na Casa.<\/p>\n\n\n\n<p>O projeto define um novo marco legal para Uni\u00e3o, estados e munic\u00edpios para execu\u00e7\u00e3o de obras e para a aquisi\u00e7\u00e3o de bens e servi\u00e7os. O texto substitui a Lei das Licita\u00e7\u00f5es (8.666\/93), a Lei do Preg\u00e3o (10.520\/02) e o Regime Diferenciado de Contrata\u00e7\u00f5es (RDC &#8211; Lei 12.462\/11), al\u00e9m de agregar temas relacionados.<\/p>\n\n\n\n<p>O&nbsp;<a href=\"http:\/\/agenciabrasil.ebc.com.br\/politica\/noticia\/2018-12\/comissao-especial-da-camara-aprova-proposta-de-nova-lei-das-licitacoes\" target=\"_blank\" rel=\"noreferrer noopener\">novo marco regulat\u00f3rio estabelece a cria\u00e7\u00e3o do Portal Nacional de Contrata\u00e7\u00f5es P\u00fablicas (PNCP)<\/a>, que dever\u00e1 ser institu\u00eddo pelo Executivo federal e ter\u00e1 abrang\u00eancia em todos os entes da Federa\u00e7\u00e3o. Segundo o texto, o novo portal pretende contribuir para diminui\u00e7\u00e3o de custos de transa\u00e7\u00e3o e aumentar a competitividade dos processos licitat\u00f3rios.<\/p>\n\n\n\n<p>Pela nova lei, obras de grande vulto devem ter um seguro de 30% do valor contratado. A medida pretende garantir a conclus\u00e3o do contrato em caso de dificuldades enfrentadas pela empresa. A seguradora assumir\u00e1 os direitos e as obriga\u00e7\u00f5es da empresa em caso de descumprimento do contrato, devendo conclu\u00ed-lo mediante subcontrata\u00e7\u00e3o total ou parcial. Se a seguradora n\u00e3o concluir a obra, estar\u00e1 sujeita a multa equivalente ao valor da garantia.<\/p>\n\n\n\n<p>O texto tamb\u00e9m define a obrigatoriedade de autoridades e agentes p\u00fablicos do \u00f3rg\u00e3o licitante atuarem para coibir irregularidades, com apoio dos setores jur\u00eddico e de controle interno. A pena para infra\u00e7\u00f5es relativas a processos licitat\u00f3rios aumenta de dois anos para quatro anos e \u00e9 institu\u00edda a possibilidade de intercepta\u00e7\u00e3o telef\u00f4nica e pris\u00e3o preventiva durante as investiga\u00e7\u00f5es.<\/p>\n\n\n\n<p>A proposta cria uma modalidade de contrata\u00e7\u00e3o que atualmente n\u00e3o existe no pa\u00eds, o di\u00e1logo competitivo. A administra\u00e7\u00e3o p\u00fablica realiza di\u00e1logos com licitantes previamente selecionados para desenvolver alternativas para atender a necessidades espec\u00edficas. Os interessados apresentam proposta final ap\u00f3s o fim do di\u00e1logo.<\/p>\n","protected":false},"excerpt":{"rendered":"<p>Ap\u00f3s uma semana intensa na C\u00e2mara dos Deputados em raz\u00e3o da\u00a0vota\u00e7\u00e3o em primeiro turno da proposta de emenda \u00e0 Constitui\u00e7\u00e3o (PEC 6\/19) da reforma da&hellip; <\/p>\n","protected":false},"author":1,"featured_media":104224,"comment_status":"closed","ping_status":"closed","sticky":false,"template":"","format":"standard","meta":{"sfsi_plus_gutenberg_text_before_share":"","sfsi_plus_gutenberg_show_text_before_share":"","sfsi_plus_gutenberg_icon_type":"","sfsi_plus_gutenberg_icon_alignemt":"","sfsi_plus_gutenburg_max_per_row":"","footnotes":""},"categories":[11],"tags":[],"class_list":["post-104717","post","type-post","status-publish","format-standard","has-post-thumbnail","hentry","category-politica"],"_links":{"self":[{"href":"https:\/\/www.caririemacao.com\/1\/wp-json\/wp\/v2\/posts\/104717","targetHints":{"allow":["GET"]}}],"collection":[{"href":"https:\/\/www.caririemacao.com\/1\/wp-json\/wp\/v2\/posts"}],"about":[{"href":"https:\/\/www.caririemacao.com\/1\/wp-json\/wp\/v2\/types\/post"}],"author":[{"embeddable":true,"href":"https:\/\/www.caririemacao.com\/1\/wp-json\/wp\/v2\/users\/1"}],"replies":[{"embeddable":true,"href":"https:\/\/www.caririemacao.com\/1\/wp-json\/wp\/v2\/comments?post=104717"}],"version-history":[{"count":1,"href":"https:\/\/www.caririemacao.com\/1\/wp-json\/wp\/v2\/posts\/104717\/revisions"}],"predecessor-version":[{"id":104718,"href":"https:\/\/www.caririemacao.com\/1\/wp-json\/wp\/v2\/posts\/104717\/revisions\/104718"}],"wp:featuredmedia":[{"embeddable":true,"href":"https:\/\/www.caririemacao.com\/1\/wp-json\/wp\/v2\/media\/104224"}],"wp:attachment":[{"href":"https:\/\/www.caririemacao.com\/1\/wp-json\/wp\/v2\/media?parent=104717"}],"wp:term":[{"taxonomy":"category","embeddable":true,"href":"https:\/\/www.caririemacao.com\/1\/wp-json\/wp\/v2\/categories?post=104717"},{"taxonomy":"post_tag","embeddable":true,"href":"https:\/\/www.caririemacao.com\/1\/wp-json\/wp\/v2\/tags?post=104717"}],"curies":[{"name":"wp","href":"https:\/\/api.w.org\/{rel}","templated":true}]}}