{"id":104724,"date":"2019-07-14T17:01:07","date_gmt":"2019-07-14T20:01:07","guid":{"rendered":"http:\/\/www.caririemacao.com\/1\/?p=104724"},"modified":"2019-07-14T17:01:07","modified_gmt":"2019-07-14T20:01:07","slug":"presidente-celebra-fim-de-taxa-para-radioamadores","status":"publish","type":"post","link":"https:\/\/www.caririemacao.com\/1\/2019\/07\/14\/presidente-celebra-fim-de-taxa-para-radioamadores\/","title":{"rendered":"Presidente celebra fim de taxa para radioamadores"},"content":{"rendered":"\n<p>A&nbsp;taxa administrativa de R$ 200 cobradas dos radioamadores ser\u00e1 extinta a partir de outubro. Neste domingo (14), o presidente da Rep\u00fablica, Jair Bolsonaro, cumprimentou o Minist\u00e9rio da Ci\u00eancia,Tecnologia, Inova\u00e7\u00f5es e Comunica\u00e7\u00f5es (MCTIC) e a Ag\u00eancia Nacional de Telecomunica\u00e7\u00f5es (Anatel) pela decis\u00e3o de acabar com a taxa.<\/p>\n\n\n\n<p>\u201cNossos cumprimentos ao MCTIC e Anatel pelo an\u00fancio do fim da Taxa Administrativa de R$ 200,00 para os radioamadores, a partir de outubro\u201d, escreveu Bolsonaro em sua conta no Twitter.<\/p>\n\n\n\n<p>Segundo o presidente da Rep\u00fablica, a Anatel, na mesma linha do Minist\u00e9rio da Economia, j\u00e1 revogou 173 resolu\u00e7\u00f5es desde janeiro com objetivo de desburocratizar o setor.<\/p>\n","protected":false},"excerpt":{"rendered":"<p>A&nbsp;taxa administrativa de R$ 200 cobradas dos radioamadores ser\u00e1 extinta a partir de outubro. Neste domingo (14), o presidente da Rep\u00fablica, Jair Bolsonaro, cumprimentou o&hellip; <\/p>\n","protected":false},"author":1,"featured_media":104270,"comment_status":"closed","ping_status":"closed","sticky":false,"template":"","format":"standard","meta":{"sfsi_plus_gutenberg_text_before_share":"","sfsi_plus_gutenberg_show_text_before_share":"","sfsi_plus_gutenberg_icon_type":"","sfsi_plus_gutenberg_icon_alignemt":"","sfsi_plus_gutenburg_max_per_row":"","footnotes":""},"categories":[11],"tags":[],"class_list":["post-104724","post","type-post","status-publish","format-standard","has-post-thumbnail","hentry","category-politica"],"_links":{"self":[{"href":"https:\/\/www.caririemacao.com\/1\/wp-json\/wp\/v2\/posts\/104724","targetHints":{"allow":["GET"]}}],"collection":[{"href":"https:\/\/www.caririemacao.com\/1\/wp-json\/wp\/v2\/posts"}],"about":[{"href":"https:\/\/www.caririemacao.com\/1\/wp-json\/wp\/v2\/types\/post"}],"author":[{"embeddable":true,"href":"https:\/\/www.caririemacao.com\/1\/wp-json\/wp\/v2\/users\/1"}],"replies":[{"embeddable":true,"href":"https:\/\/www.caririemacao.com\/1\/wp-json\/wp\/v2\/comments?post=104724"}],"version-history":[{"count":1,"href":"https:\/\/www.caririemacao.com\/1\/wp-json\/wp\/v2\/posts\/104724\/revisions"}],"predecessor-version":[{"id":104725,"href":"https:\/\/www.caririemacao.com\/1\/wp-json\/wp\/v2\/posts\/104724\/revisions\/104725"}],"wp:featuredmedia":[{"embeddable":true,"href":"https:\/\/www.caririemacao.com\/1\/wp-json\/wp\/v2\/media\/104270"}],"wp:attachment":[{"href":"https:\/\/www.caririemacao.com\/1\/wp-json\/wp\/v2\/media?parent=104724"}],"wp:term":[{"taxonomy":"category","embeddable":true,"href":"https:\/\/www.caririemacao.com\/1\/wp-json\/wp\/v2\/categories?post=104724"},{"taxonomy":"post_tag","embeddable":true,"href":"https:\/\/www.caririemacao.com\/1\/wp-json\/wp\/v2\/tags?post=104724"}],"curies":[{"name":"wp","href":"https:\/\/api.w.org\/{rel}","templated":true}]}}