{"id":104729,"date":"2019-07-14T17:03:54","date_gmt":"2019-07-14T20:03:54","guid":{"rendered":"http:\/\/www.caririemacao.com\/1\/?p=104729"},"modified":"2019-07-14T17:03:54","modified_gmt":"2019-07-14T20:03:54","slug":"governador-sanciona-lei-que-adapta-caixas-eletronicos-para-pessoas-com-deficiencia","status":"publish","type":"post","link":"https:\/\/www.caririemacao.com\/1\/2019\/07\/14\/governador-sanciona-lei-que-adapta-caixas-eletronicos-para-pessoas-com-deficiencia\/","title":{"rendered":"Governador sanciona lei que adapta caixas eletr\u00f4nicos para pessoas com defici\u00eancia"},"content":{"rendered":"\n<p>O governador da Para\u00edba, Jo\u00e3o Azevedo, sancionou a Lei 11.393\/2019, de autoria da deputada estadual Cida Ramos, que disp\u00f5e sobre adapta\u00e7\u00e3o de terminais de autoatendimento das institui\u00e7\u00f5es financeiras, no Estado da Para\u00edba, para pessoas com defici\u00eancia ou mobilidade reduzida.<\/p>\n\n\n\n<p>A presidente da Comiss\u00e3o de Defesa dos Direitos das Pessoas com Defici\u00eancia destacou que o Projeto de Lei se originou a partir de reivindica\u00e7\u00f5es de pessoas com defici\u00eancia e mobilidade reduzida. \u201cEssas pessoas procuraram o nosso gabinete e propuseram essa iniciativa, por se sentirem prejudicadas ou impossibilitadas de acessar plenamente os caixas eletr\u00f4nicos e bancos 24 horas, seguindo as normas t\u00e9cnicas de acessibilidade da ABNT, promovendo o respeito \u00e0 essa importante popula\u00e7\u00e3o, que compreende 1.045.631 de pessoas em nosso estado\u201d, pontuou Cida.<\/p>\n\n\n\n<p>A parlamentar ainda assegurou que a iniciativa proporcionar\u00e1 mais inclus\u00e3o e integra\u00e7\u00e3o social. \u201cA acessibilidade deve ser compreendida em sentido amplo, n\u00e3o apenas como ingresso e sim perman\u00eancia nos meios f\u00edsicos de comunica\u00e7\u00e3o e servi\u00e7os. Essa lei n\u00e3o \u00e9 favor, \u00e9 direito. Reafirmo que pessoas com defici\u00eancia ou com mobilidade reduzida s\u00e3o antes de tudo pessoas, com direitos inerentes a qualquer cidad\u00e3o. A Lei espera promover comodidade e facilidade na presta\u00e7\u00e3o de servi\u00e7os oferecidos por essas institui\u00e7\u00f5es, garantindo os meios de atendimento adequados \u00e0s necessidades atinentes\u201d, elucidou a deputada.<\/p>\n\n\n\n<p>As institui\u00e7\u00f5es financeiras ficam obrigadas a adaptar seus pontos de autoatendimento para atender aos consumidores com defici\u00eancia ou mobilidade reduzida. Considera-se pessoa com defici\u00eancia aquela que tem impedimento de longo prazo de natureza f\u00edsica, mental, intelectual ou sensorial, que poder ter obstru\u00edda, por meio de barreiras, a sua participa\u00e7\u00e3o plena e efetiva na sociedade em igualdade de condi\u00e7\u00f5es com as demais pessoas.<\/p>\n","protected":false},"excerpt":{"rendered":"<p>O governador da Para\u00edba, Jo\u00e3o Azevedo, sancionou a Lei 11.393\/2019, de autoria da deputada estadual Cida Ramos, que disp\u00f5e sobre adapta\u00e7\u00e3o de terminais de autoatendimento&hellip; <\/p>\n","protected":false},"author":1,"featured_media":104730,"comment_status":"closed","ping_status":"closed","sticky":false,"template":"","format":"standard","meta":{"sfsi_plus_gutenberg_text_before_share":"","sfsi_plus_gutenberg_show_text_before_share":"","sfsi_plus_gutenberg_icon_type":"","sfsi_plus_gutenberg_icon_alignemt":"","sfsi_plus_gutenburg_max_per_row":"","footnotes":""},"categories":[11],"tags":[],"class_list":["post-104729","post","type-post","status-publish","format-standard","has-post-thumbnail","hentry","category-politica"],"_links":{"self":[{"href":"https:\/\/www.caririemacao.com\/1\/wp-json\/wp\/v2\/posts\/104729","targetHints":{"allow":["GET"]}}],"collection":[{"href":"https:\/\/www.caririemacao.com\/1\/wp-json\/wp\/v2\/posts"}],"about":[{"href":"https:\/\/www.caririemacao.com\/1\/wp-json\/wp\/v2\/types\/post"}],"author":[{"embeddable":true,"href":"https:\/\/www.caririemacao.com\/1\/wp-json\/wp\/v2\/users\/1"}],"replies":[{"embeddable":true,"href":"https:\/\/www.caririemacao.com\/1\/wp-json\/wp\/v2\/comments?post=104729"}],"version-history":[{"count":1,"href":"https:\/\/www.caririemacao.com\/1\/wp-json\/wp\/v2\/posts\/104729\/revisions"}],"predecessor-version":[{"id":104731,"href":"https:\/\/www.caririemacao.com\/1\/wp-json\/wp\/v2\/posts\/104729\/revisions\/104731"}],"wp:featuredmedia":[{"embeddable":true,"href":"https:\/\/www.caririemacao.com\/1\/wp-json\/wp\/v2\/media\/104730"}],"wp:attachment":[{"href":"https:\/\/www.caririemacao.com\/1\/wp-json\/wp\/v2\/media?parent=104729"}],"wp:term":[{"taxonomy":"category","embeddable":true,"href":"https:\/\/www.caririemacao.com\/1\/wp-json\/wp\/v2\/categories?post=104729"},{"taxonomy":"post_tag","embeddable":true,"href":"https:\/\/www.caririemacao.com\/1\/wp-json\/wp\/v2\/tags?post=104729"}],"curies":[{"name":"wp","href":"https:\/\/api.w.org\/{rel}","templated":true}]}}