{"id":104735,"date":"2019-07-14T17:06:32","date_gmt":"2019-07-14T20:06:32","guid":{"rendered":"http:\/\/www.caririemacao.com\/1\/?p=104735"},"modified":"2019-07-14T17:06:32","modified_gmt":"2019-07-14T20:06:32","slug":"joao-azevedo-planeja-paraiba-com-seguranca-hidrica-total-ate-2022","status":"publish","type":"post","link":"https:\/\/www.caririemacao.com\/1\/2019\/07\/14\/joao-azevedo-planeja-paraiba-com-seguranca-hidrica-total-ate-2022\/","title":{"rendered":"Jo\u00e3o Azev\u00eado planeja Para\u00edba com seguran\u00e7a h\u00eddrica \u201ctotal\u201d at\u00e9 2022"},"content":{"rendered":"\n<p>Nesses primeiros seis meses de governo, o governador Jo\u00e3o Azev\u00eado (PSB) vem consolidando uma pol\u00edtica de investimentos que tem um foco primordial: assegurar, por meio de v\u00e1rias frentes, o desenvolvimento regional. Segundo o gestor estadual, para que se alcance n\u00edveis de desenvolvimento econ\u00f4mico satisfat\u00f3rios, \u00e9 necess\u00e1rio ter uma vis\u00e3o de conjunto. E isso passa necessariamente por pelos menos tr\u00eas eixos: constru\u00e7\u00e3o e manuten\u00e7\u00e3o de estradas, investimentos em obras h\u00eddricas e em a\u00e7\u00f5es pertinentes \u00e0 gera\u00e7\u00e3o de energias alternativas.<\/p>\n\n\n\n<p>No que diz respeito \u00e0 \u00e1rea de recursos h\u00eddricos, o governador projeta uma meta ousada: chegar at\u00e9 2022 \u201ccom toda a Para\u00edba numa condi\u00e7\u00e3o de seguran\u00e7a h\u00eddrica\u201d.<\/p>\n\n\n\n<p>E o vi\u00e9s h\u00eddrico \u00e9, de fato, um caminho considerado priorit\u00e1rio para o gestor estadual, para quem a \u00e1gua representa desenvolvimento econ\u00f4mico. \u201cNenhuma empresa se instala num lugar, principalmente se essa empresa tem demanda de \u00e1gua, se n\u00e3o tiver certeza que ter\u00e1 \u00e1gua para operar\u201d, explica.<\/p>\n\n\n\n<p>Na verdade, o governador tem uma vis\u00e3o de conjunto quando o assunto \u00e9 desenvolvimento econ\u00f4mico da Para\u00edba. As obras de constru\u00e7\u00e3o de estradas, e os investimentos no segmento de recursos h\u00eddricos e energias alternativas \u2013 como a e\u00f3lica e a solar \u2013 est\u00e3o interligadas ao objetivo de trazer avan\u00e7os econ\u00f4micos para as diversas regi\u00f5es do Estado. \u201cNa hora que voc\u00ea tem uma log\u00edstica de transporte desenvolvido, seguran\u00e7a h\u00eddrica estabelecida, e associando a esses dois elementos pesquisa e a tecnologia, por meio, por exemplo, da nossa rede de ensino superior, n\u00f3s teremos condi\u00e7\u00f5es de levar a Para\u00edba para outro patamar de desenvolvimento regional\u201d, projeta.<\/p>\n\n\n\n<p>Ainda na \u00e1rea de recursos h\u00eddricos, Jo\u00e3o Azev\u00eado enxerga que ainda h\u00e1 muito a ser feito, embora, na gest\u00e3o anterior, ele tenha montado um ousado programa de constru\u00e7\u00e3o de adutoras, na condi\u00e7\u00e3o de secret\u00e1rio de Infraestrutura e Recursos H\u00eddricos: mais de 1.500 km de adutoras. Cerca de 800 km j\u00e1 est\u00e3o em opera\u00e7\u00e3o e mais 600 km est\u00e3o em execu\u00e7\u00e3o. \u201cA Para\u00edba ainda tem defici\u00eancias na sua estrutura h\u00eddrica. \u00c9 um Estado que tem 75% dos seus munic\u00edpios dentro do Semi\u00e1rido e \u00e9 um Estado em que chove pouco. Os macro investimentos n\u00e3o foram priorizados ao longo de muitos anos atr\u00e1s, a rede de adutoras da Para\u00edba ainda \u00e9 pequena, precisamos ampliar, porque com a chegada da transposi\u00e7\u00e3o do Rio S\u00e3o Francisco, nos Eixos Leste e Norte, n\u00f3s vamos ter a possibilidade de distribuir essa \u00e1gua por toda a Para\u00edba\u201d, afirmou.<\/p>\n\n\n\n<p>Uma das obras que mais se insere nessa perspectiva de levar desenvolvimento para os munic\u00edpios por meio de investimento em abastecimento de \u00e1gua tratada \u00e9 a Transpara\u00edba, um dos maiores projetos h\u00eddricos j\u00e1 realizados no Nordeste. \u201cA adutora Transpara\u00edba sai de Boqueir\u00e3o e vai em dire\u00e7\u00e3o ao Curimata\u00fa, que \u00e9 a regi\u00e3o mais seca da Para\u00edba, onde chove menos. E isso vai resolver o problema de \u00e1gua em 19 cidades de uma vez, que ter\u00e3o \u00e1gua tratada. Estamos fazendo uma esta\u00e7\u00e3o de tratamento na regi\u00e3o de Queimadas que vai tratar 500 litros de \u00e1gua por segundo. Essa \u00e1gua vai ser distribu\u00edda atrav\u00e9s dessa adutora, constru\u00edda com recursos pr\u00f3prios do Estado. Esse programa de adutoras \u00e9 fundamental para o desenvolvimento econ\u00f4mico\u201d, disse.<\/p>\n\n\n\n<p>O governador revelou um exemplo que se encaixa \u00e0 perfei\u00e7\u00e3o na rela\u00e7\u00e3o \u00e1gua\/estradas para a atra\u00e7\u00e3o de novas empresas, que se traduz em desenvolvimento regional. \u201cEstamos trabalhando para trazer uma grande empresa para o Cariri, de confec\u00e7\u00e3o. O galp\u00e3o de produ\u00e7\u00e3o dessa empresa tem 50 mil metros quadrados, por a\u00ed voc\u00ea tem uma ideia do tamanho desse neg\u00f3cio. O motivo dele ter vindo para a Para\u00edba [para instalar a empresa] \u00e9 porque vai chegar \u00e1gua pelo Eixo Leste da Transposi\u00e7\u00e3o. Um dia, perguntei porque ele havia escolhido a Para\u00edba, e ele respondeu: \u2018Porque para onde eu aponto meu caminh\u00e3o tem estrada pra ir\u2019\u201d. As informa\u00e7\u00f5es s\u00e3o do Jornal A Uni\u00e3o.<\/p>\n","protected":false},"excerpt":{"rendered":"<p>Nesses primeiros seis meses de governo, o governador Jo\u00e3o Azev\u00eado (PSB) vem consolidando uma pol\u00edtica de investimentos que tem um foco primordial: assegurar, por meio&hellip; <\/p>\n","protected":false},"author":1,"featured_media":98515,"comment_status":"closed","ping_status":"closed","sticky":false,"template":"","format":"standard","meta":{"sfsi_plus_gutenberg_text_before_share":"","sfsi_plus_gutenberg_show_text_before_share":"","sfsi_plus_gutenberg_icon_type":"","sfsi_plus_gutenberg_icon_alignemt":"","sfsi_plus_gutenburg_max_per_row":"","footnotes":""},"categories":[11],"tags":[],"class_list":["post-104735","post","type-post","status-publish","format-standard","has-post-thumbnail","hentry","category-politica"],"_links":{"self":[{"href":"https:\/\/www.caririemacao.com\/1\/wp-json\/wp\/v2\/posts\/104735","targetHints":{"allow":["GET"]}}],"collection":[{"href":"https:\/\/www.caririemacao.com\/1\/wp-json\/wp\/v2\/posts"}],"about":[{"href":"https:\/\/www.caririemacao.com\/1\/wp-json\/wp\/v2\/types\/post"}],"author":[{"embeddable":true,"href":"https:\/\/www.caririemacao.com\/1\/wp-json\/wp\/v2\/users\/1"}],"replies":[{"embeddable":true,"href":"https:\/\/www.caririemacao.com\/1\/wp-json\/wp\/v2\/comments?post=104735"}],"version-history":[{"count":1,"href":"https:\/\/www.caririemacao.com\/1\/wp-json\/wp\/v2\/posts\/104735\/revisions"}],"predecessor-version":[{"id":104736,"href":"https:\/\/www.caririemacao.com\/1\/wp-json\/wp\/v2\/posts\/104735\/revisions\/104736"}],"wp:featuredmedia":[{"embeddable":true,"href":"https:\/\/www.caririemacao.com\/1\/wp-json\/wp\/v2\/media\/98515"}],"wp:attachment":[{"href":"https:\/\/www.caririemacao.com\/1\/wp-json\/wp\/v2\/media?parent=104735"}],"wp:term":[{"taxonomy":"category","embeddable":true,"href":"https:\/\/www.caririemacao.com\/1\/wp-json\/wp\/v2\/categories?post=104735"},{"taxonomy":"post_tag","embeddable":true,"href":"https:\/\/www.caririemacao.com\/1\/wp-json\/wp\/v2\/tags?post=104735"}],"curies":[{"name":"wp","href":"https:\/\/api.w.org\/{rel}","templated":true}]}}