{"id":104741,"date":"2019-07-14T20:16:17","date_gmt":"2019-07-14T23:16:17","guid":{"rendered":"http:\/\/www.caririemacao.com\/1\/?p=104741"},"modified":"2019-07-14T20:16:17","modified_gmt":"2019-07-14T23:16:17","slug":"veja-video-padre-marcelo-rossi-e-arremessado-do-altar-durante-celebracao","status":"publish","type":"post","link":"https:\/\/www.caririemacao.com\/1\/2019\/07\/14\/veja-video-padre-marcelo-rossi-e-arremessado-do-altar-durante-celebracao\/","title":{"rendered":"Veja v\u00eddeo: padre Marcelo Rossi \u00e9 arremessado do altar durante celebra\u00e7\u00e3o"},"content":{"rendered":"\n<p>Uma mulher invadiu o altar e empurrou o padre Marcelo Rossi durante uma missa em Cachoeira Paulista neste domingo (14). A mulher furou a seguran\u00e7a, invadiu o palco durante a celebra\u00e7\u00e3o que acontecia na Can\u00e7\u00e3o Nova e empurrou o padre de cima da estrutura. Apesar da queda, ele n\u00e3o ficou ferido e a mulher foi contida pela Pol\u00edcia Militar.<\/p>\n\n\n\n<p>O padre estava no local para a missa de encerramento do acampamento \u2018Por Hoje N\u00e3o\u2019 (PHN). Por volta das 14h50 a mulher, que participava do evento, conseguiu furar a seguran\u00e7a, invadiu o palco por tr\u00e1s e empurrou o padre, que caiu da estrutura.<\/p>\n\n\n\n<p>No momento, pelo menos 50 mil pessoas participavam da celebra\u00e7\u00e3o. Apesar da queda, o padre voltou ao palco minutos depois e continuou a celebra\u00e7\u00e3o.<\/p>\n\n\n\n<p>De acordo com a Pol\u00edcia Militar, a mulher est\u00e1 sendo encaminhada para a delegacia de Lorena para o registro do caso. A PM informou que a ocorr\u00eancia est\u00e1 sendo feita pela Can\u00e7\u00e3o Nova porque o Padre Marcelo Rossi decidiu n\u00e3o registrar a agress\u00e3o.<\/p>\n\n\n\n<p>A pol\u00edcia informou que a mulher tem 40 anos e que fazia parte de um grupo que veio do Rio de Janeiro para o evento. Os acompanhantes alegaram \u00e0 PM que ela sofre de transtornos mentais.<\/p>\n\n\n\n<figure><iframe data-src=\"http:\/\/www.youtube.com\/embed\/mB3lnh6N8lo?version=3&amp;rel=1&amp;fs=1&amp;autohide=2&amp;showsearch=0&amp;showinfo=1&amp;iv_load_policy=1&amp;wmode=transparent\" allowfullscreen=\"true\" src=\"data:image\/svg+xml;base64,PHN2ZyB3aWR0aD0iMSIgaGVpZ2h0PSIxIiB4bWxucz0iaHR0cDovL3d3dy53My5vcmcvMjAwMC9zdmciPjwvc3ZnPg==\" class=\"lazyload\" data-load-mode=\"1\"><\/iframe><\/figure>\n","protected":false},"excerpt":{"rendered":"<p>Uma mulher invadiu o altar e empurrou o padre Marcelo Rossi durante uma missa em Cachoeira Paulista neste domingo (14). A mulher furou a seguran\u00e7a,&hellip; <\/p>\n","protected":false},"author":1,"featured_media":104742,"comment_status":"closed","ping_status":"closed","sticky":false,"template":"","format":"standard","meta":{"sfsi_plus_gutenberg_text_before_share":"","sfsi_plus_gutenberg_show_text_before_share":"","sfsi_plus_gutenberg_icon_type":"","sfsi_plus_gutenberg_icon_alignemt":"","sfsi_plus_gutenburg_max_per_row":"","footnotes":""},"categories":[50,2],"tags":[],"class_list":["post-104741","post","type-post","status-publish","format-standard","has-post-thumbnail","hentry","category-destaque","category-geral"],"_links":{"self":[{"href":"https:\/\/www.caririemacao.com\/1\/wp-json\/wp\/v2\/posts\/104741","targetHints":{"allow":["GET"]}}],"collection":[{"href":"https:\/\/www.caririemacao.com\/1\/wp-json\/wp\/v2\/posts"}],"about":[{"href":"https:\/\/www.caririemacao.com\/1\/wp-json\/wp\/v2\/types\/post"}],"author":[{"embeddable":true,"href":"https:\/\/www.caririemacao.com\/1\/wp-json\/wp\/v2\/users\/1"}],"replies":[{"embeddable":true,"href":"https:\/\/www.caririemacao.com\/1\/wp-json\/wp\/v2\/comments?post=104741"}],"version-history":[{"count":1,"href":"https:\/\/www.caririemacao.com\/1\/wp-json\/wp\/v2\/posts\/104741\/revisions"}],"predecessor-version":[{"id":104743,"href":"https:\/\/www.caririemacao.com\/1\/wp-json\/wp\/v2\/posts\/104741\/revisions\/104743"}],"wp:featuredmedia":[{"embeddable":true,"href":"https:\/\/www.caririemacao.com\/1\/wp-json\/wp\/v2\/media\/104742"}],"wp:attachment":[{"href":"https:\/\/www.caririemacao.com\/1\/wp-json\/wp\/v2\/media?parent=104741"}],"wp:term":[{"taxonomy":"category","embeddable":true,"href":"https:\/\/www.caririemacao.com\/1\/wp-json\/wp\/v2\/categories?post=104741"},{"taxonomy":"post_tag","embeddable":true,"href":"https:\/\/www.caririemacao.com\/1\/wp-json\/wp\/v2\/tags?post=104741"}],"curies":[{"name":"wp","href":"https:\/\/api.w.org\/{rel}","templated":true}]}}