{"id":104745,"date":"2019-07-14T22:59:29","date_gmt":"2019-07-15T01:59:29","guid":{"rendered":"http:\/\/www.caririemacao.com\/1\/?p=104745"},"modified":"2019-07-14T22:59:29","modified_gmt":"2019-07-15T01:59:29","slug":"mais-um-filme-sera-rodado-no-cariri-paraibano","status":"publish","type":"post","link":"https:\/\/www.caririemacao.com\/1\/2019\/07\/14\/mais-um-filme-sera-rodado-no-cariri-paraibano\/","title":{"rendered":"Mais um filme ser\u00e1 rodado no cariri paraibano"},"content":{"rendered":"\n<p>Joana \u00e9 um curta-metragem de fic\u00e7\u00e3o, que ser\u00e1 produzido e dirigido pela Atriz, Diretora e Roteirista Pattr\u00edcia de Aquino.<\/p>\n\n\n\n<p>Depois de ser uma das selecionadas da VI edi\u00e7\u00e3o do Revelando os Brasis em 2017 e dirigir o filme \u201cRasga Mortalha\u201d, onde est\u00e1 sendo premiado e rodando o Brasil em v\u00e1rios festivais de cinema, Pattr\u00edcia de Aquino agora vem com seu segundo filme.<\/p>\n\n\n\n<p>Joana traduz a problematiza\u00e7\u00e3o da viol\u00eancia contra a mulher, atualmente percebemos o aumento do feminic\u00eddio no Brasil, cada vez mais mulheres s\u00e3o violentadas e mortas. Joana \u00e9 uma mulher forte e determinada mas n\u00e3o escapou de passar por esse tipo de viol\u00eancia, sua decis\u00e3o de sair de um casamento pode lev\u00e1-la a morte.<\/p>\n\n\n\n<p>O filme que tem no elenco grandes nomes como Eliana Figueiredo, C\u00e9sar Ferrario, \u201catualmente em a Dona do Peda\u00e7o\u201d, Zezita Matos entre outros e vai ser rodado na cidade de S\u00e3o Domingos do Cariri e regi\u00e3o.<\/p>\n\n\n\n<p>\u201cEstou feliz com o resultado do Rasga Mortalha, j\u00e1 fomos selecionados pra 13 festivais de cinema do Brasil, ganhamos cinco pr\u00eamios e um trof\u00e9u resist\u00eancia, e temos muitos festivais ainda pra rodar, por isso n\u00e3o tenho d\u00favidas que Joana ser\u00e1 mais um sucesso, to buscando patroc\u00ednio para viabilizar, vou procurar algumas prefeituras da regi\u00e3o, empresas e comerciantes e claro pessoas que queiram ajudar\u201d.<\/p>\n\n\n\n<p>Pattr\u00edcia de Aquino \u00e9 filha de S\u00e3o Domingos do Cariri, e a mais de 19 anos estuda teatro e cinema.<\/p>\n\n\n\n<p>\u201cNossa regi\u00e3o tem lugares lindo, por isso temos que explorar ainda mais, gostaria muito de grava na minha cidade pois conhe\u00e7o toda a regi\u00e3o e isso faz com que as loca\u00e7\u00f5es sejam escolhidas a dedo, sem falar que to perto dos amigos e familiares que me d\u00e3o for\u00e7as, mas posso gravar em outros lugares da regi\u00e3o tamb\u00e9m, assim tenha apoio\u201d.<\/p>\n\n\n\n<p>Ent\u00e3o se caso algu\u00e9m queira patrocinar, apoiar \u00e9 s\u00f3 entrar em contato atrav\u00e9s das redes sociais do filme, ou da pr\u00f3pria Pattr\u00edcia.<\/p>\n","protected":false},"excerpt":{"rendered":"<p>Joana \u00e9 um curta-metragem de fic\u00e7\u00e3o, que ser\u00e1 produzido e dirigido pela Atriz, Diretora e Roteirista Pattr\u00edcia de Aquino. Depois de ser uma das selecionadas&hellip; <\/p>\n","protected":false},"author":2,"featured_media":104746,"comment_status":"closed","ping_status":"closed","sticky":false,"template":"","format":"standard","meta":{"sfsi_plus_gutenberg_text_before_share":"","sfsi_plus_gutenberg_show_text_before_share":"","sfsi_plus_gutenberg_icon_type":"","sfsi_plus_gutenberg_icon_alignemt":"","sfsi_plus_gutenburg_max_per_row":"","footnotes":""},"categories":[50,2],"tags":[],"class_list":["post-104745","post","type-post","status-publish","format-standard","has-post-thumbnail","hentry","category-destaque","category-geral"],"_links":{"self":[{"href":"https:\/\/www.caririemacao.com\/1\/wp-json\/wp\/v2\/posts\/104745","targetHints":{"allow":["GET"]}}],"collection":[{"href":"https:\/\/www.caririemacao.com\/1\/wp-json\/wp\/v2\/posts"}],"about":[{"href":"https:\/\/www.caririemacao.com\/1\/wp-json\/wp\/v2\/types\/post"}],"author":[{"embeddable":true,"href":"https:\/\/www.caririemacao.com\/1\/wp-json\/wp\/v2\/users\/2"}],"replies":[{"embeddable":true,"href":"https:\/\/www.caririemacao.com\/1\/wp-json\/wp\/v2\/comments?post=104745"}],"version-history":[{"count":1,"href":"https:\/\/www.caririemacao.com\/1\/wp-json\/wp\/v2\/posts\/104745\/revisions"}],"predecessor-version":[{"id":104747,"href":"https:\/\/www.caririemacao.com\/1\/wp-json\/wp\/v2\/posts\/104745\/revisions\/104747"}],"wp:featuredmedia":[{"embeddable":true,"href":"https:\/\/www.caririemacao.com\/1\/wp-json\/wp\/v2\/media\/104746"}],"wp:attachment":[{"href":"https:\/\/www.caririemacao.com\/1\/wp-json\/wp\/v2\/media?parent=104745"}],"wp:term":[{"taxonomy":"category","embeddable":true,"href":"https:\/\/www.caririemacao.com\/1\/wp-json\/wp\/v2\/categories?post=104745"},{"taxonomy":"post_tag","embeddable":true,"href":"https:\/\/www.caririemacao.com\/1\/wp-json\/wp\/v2\/tags?post=104745"}],"curies":[{"name":"wp","href":"https:\/\/api.w.org\/{rel}","templated":true}]}}