{"id":104750,"date":"2019-07-15T10:29:33","date_gmt":"2019-07-15T13:29:33","guid":{"rendered":"http:\/\/www.caririemacao.com\/1\/?p=104750"},"modified":"2019-07-15T10:29:33","modified_gmt":"2019-07-15T13:29:33","slug":"em-duelo-equilibrado-sao-paulo-e-selebranca-empatam-no-primeiro-jogo-da-final-da-copa-integracao-de-futebol","status":"publish","type":"post","link":"https:\/\/www.caririemacao.com\/1\/2019\/07\/15\/em-duelo-equilibrado-sao-paulo-e-selebranca-empatam-no-primeiro-jogo-da-final-da-copa-integracao-de-futebol\/","title":{"rendered":"Em duelo equilibrado, S\u00e3o Paulo e Selebranca empatam no primeiro jogo da final da Copa Integra\u00e7\u00e3o de Futebol"},"content":{"rendered":"\n<p>S\u00e3o Paulo de S\u00e3o Jo\u00e3o do Cariri e Selebranca realizaram na tarde deste domingo(14), o primeiro duelo decisivo da grande final da Copa Integra\u00e7\u00e3o de Futebol do Cariri 2019.<\/p>\n\n\n\n<p>Com destaques pelo equil\u00edbrio entre as equipes e a presen\u00e7a marcante dos desportistas no est\u00e1dio de futebol de S\u00e3o Jo\u00e3o do Cariri, as duas agremia\u00e7\u00f5es realizaram um belo jogo, bastante movimentado e com grandes lances que emocionaram a plateia esportiva.<\/p>\n\n\n\n<div class=\"wp-block-image\"><figure class=\"alignright\"><img decoding=\"async\" data-src=\"http:\/\/deolhonocariri.com.br\/wp-content\/uploads\/2019\/07\/de-olho-2-1-600x278.jpg\" alt=\"\" class=\"wp-image-69134 lazyload\" src=\"data:image\/svg+xml;base64,PHN2ZyB3aWR0aD0iMSIgaGVpZ2h0PSIxIiB4bWxucz0iaHR0cDovL3d3dy53My5vcmcvMjAwMC9zdmciPjwvc3ZnPg==\" style=\"--smush-placeholder-width: 600px; --smush-placeholder-aspect-ratio: 600\/278;\" \/><\/figure><\/div>\n\n\n\n<p>S\u00e3o Paulo e Selebranca demonstraram um bom futebol, sem lances de agress\u00f5es e um jogo tranquilo dentro e fora das quatros linhas.<\/p>\n\n\n\n<p>A Selebranca apesar de jogar fora de casa fez um belo primeiro tempo tendo a maior posse de bola durante a primeira etapa. J\u00e1 no segundo tempo, o S\u00e3o Paulo foi logo para cima e&nbsp; o gol acabou saindo logo de cara, com o atacante e destaque do Cariri, Nego de Bahia, em um belo passe do meio-campista, Tiago \u00edndio. A equipe s\u00e3o-paulina realizou um belo segundo tempo, tendo v\u00e1rios lances de perigo a meta serra-branquense. J\u00e1 no final quando tudo parceria definir a vit\u00f3ria para a equipe da casa, um lance de escanteio e uma falha do goleiro Fagner (Caro\u00e7o), o atleta Airton fez o gol de empate que foi bastante comemorado pela equipe da Selebranca.<\/p>\n\n\n\n<p>Com o apito final do \u00e1rbitro, a defini\u00e7\u00e3o de quem levar\u00e1 o t\u00edtulo da Copa Cariri Integra\u00e7\u00e3o de Futebol ficar\u00e1 para o pr\u00f3ximo domingo, dia 21 de julho, desta vez acontecendo no Est\u00e1dio Municipal de Futebol \u201cO Walt\u00e3o\u201d, na cidade de Serra Branca.<\/p>\n\n\n\n<p>A decis\u00e3o em S\u00e3o Jo\u00e3o do Cariri foi bastante repercutida tamb\u00e9m nas redes sociais, onde foi transmitida ao vivo pelo facebook do Radialista Edilmo Lima que tamb\u00e9m contou com a cobertura total do Site Cariri Esporte e do Portal De Olho no Cariri.<\/p>\n","protected":false},"excerpt":{"rendered":"<p>S\u00e3o Paulo de S\u00e3o Jo\u00e3o do Cariri e Selebranca realizaram na tarde deste domingo(14), o primeiro duelo decisivo da grande final da Copa Integra\u00e7\u00e3o de&hellip; <\/p>\n","protected":false},"author":1,"featured_media":104751,"comment_status":"closed","ping_status":"closed","sticky":false,"template":"","format":"standard","meta":{"sfsi_plus_gutenberg_text_before_share":"","sfsi_plus_gutenberg_show_text_before_share":"","sfsi_plus_gutenberg_icon_type":"","sfsi_plus_gutenberg_icon_alignemt":"","sfsi_plus_gutenburg_max_per_row":"","footnotes":""},"categories":[13],"tags":[],"class_list":["post-104750","post","type-post","status-publish","format-standard","has-post-thumbnail","hentry","category-esportes"],"_links":{"self":[{"href":"https:\/\/www.caririemacao.com\/1\/wp-json\/wp\/v2\/posts\/104750","targetHints":{"allow":["GET"]}}],"collection":[{"href":"https:\/\/www.caririemacao.com\/1\/wp-json\/wp\/v2\/posts"}],"about":[{"href":"https:\/\/www.caririemacao.com\/1\/wp-json\/wp\/v2\/types\/post"}],"author":[{"embeddable":true,"href":"https:\/\/www.caririemacao.com\/1\/wp-json\/wp\/v2\/users\/1"}],"replies":[{"embeddable":true,"href":"https:\/\/www.caririemacao.com\/1\/wp-json\/wp\/v2\/comments?post=104750"}],"version-history":[{"count":1,"href":"https:\/\/www.caririemacao.com\/1\/wp-json\/wp\/v2\/posts\/104750\/revisions"}],"predecessor-version":[{"id":104752,"href":"https:\/\/www.caririemacao.com\/1\/wp-json\/wp\/v2\/posts\/104750\/revisions\/104752"}],"wp:featuredmedia":[{"embeddable":true,"href":"https:\/\/www.caririemacao.com\/1\/wp-json\/wp\/v2\/media\/104751"}],"wp:attachment":[{"href":"https:\/\/www.caririemacao.com\/1\/wp-json\/wp\/v2\/media?parent=104750"}],"wp:term":[{"taxonomy":"category","embeddable":true,"href":"https:\/\/www.caririemacao.com\/1\/wp-json\/wp\/v2\/categories?post=104750"},{"taxonomy":"post_tag","embeddable":true,"href":"https:\/\/www.caririemacao.com\/1\/wp-json\/wp\/v2\/tags?post=104750"}],"curies":[{"name":"wp","href":"https:\/\/api.w.org\/{rel}","templated":true}]}}