{"id":104755,"date":"2019-07-15T10:31:51","date_gmt":"2019-07-15T13:31:51","guid":{"rendered":"http:\/\/www.caririemacao.com\/1\/?p=104755"},"modified":"2019-07-15T10:31:51","modified_gmt":"2019-07-15T13:31:51","slug":"policia-apreende-quatro-armas-de-fogo-em-abordagem-em-monteiro","status":"publish","type":"post","link":"https:\/\/www.caririemacao.com\/1\/2019\/07\/15\/policia-apreende-quatro-armas-de-fogo-em-abordagem-em-monteiro\/","title":{"rendered":"Pol\u00edcia apreende quatro armas de fogo em abordagem em Monteiro"},"content":{"rendered":"\n<p>A Pol\u00edcia Militar apreendeu quatro armas de fogo, na manh\u00e3 deste domingo (14), que estavam no interior de um estabelecimento comercial nas proximidades do S\u00edtio Pocinhos, em Monteiro. O suspeito foi preso e as quatro espingardas artesanais foram apreendidas.<\/p>\n\n\n\n<p>Durante rondas, policiais militares das Rondas Ostensivas T\u00e1ticas com Apoio de Motocicletas (Rotam) do 11\u00ba Batah\u00e3o de Pol\u00edcia Militar realizaram uma abordagem \u00e0s pessoas que estavam em um bar da regi\u00e3o e, durante as revistas, foram encontradas em seu interior quatro espingardas de fabrica\u00e7\u00e3o artesanal. O suspeito, de 53 anos, alegou que gostava de ca\u00e7ar animais e n\u00e3o possu\u00eda o registro das armas de fogo.<\/p>\n\n\n\n<p>As espingardas e o suspeito preso foram encaminhados para a delegacia da cidade.<\/p>\n","protected":false},"excerpt":{"rendered":"<p>A Pol\u00edcia Militar apreendeu quatro armas de fogo, na manh\u00e3 deste domingo (14), que estavam no interior de um estabelecimento comercial nas proximidades do S\u00edtio&hellip; <\/p>\n","protected":false},"author":1,"featured_media":104756,"comment_status":"closed","ping_status":"closed","sticky":false,"template":"","format":"standard","meta":{"sfsi_plus_gutenberg_text_before_share":"","sfsi_plus_gutenberg_show_text_before_share":"","sfsi_plus_gutenberg_icon_type":"","sfsi_plus_gutenberg_icon_alignemt":"","sfsi_plus_gutenburg_max_per_row":"","footnotes":""},"categories":[12],"tags":[],"class_list":["post-104755","post","type-post","status-publish","format-standard","has-post-thumbnail","hentry","category-policia"],"_links":{"self":[{"href":"https:\/\/www.caririemacao.com\/1\/wp-json\/wp\/v2\/posts\/104755","targetHints":{"allow":["GET"]}}],"collection":[{"href":"https:\/\/www.caririemacao.com\/1\/wp-json\/wp\/v2\/posts"}],"about":[{"href":"https:\/\/www.caririemacao.com\/1\/wp-json\/wp\/v2\/types\/post"}],"author":[{"embeddable":true,"href":"https:\/\/www.caririemacao.com\/1\/wp-json\/wp\/v2\/users\/1"}],"replies":[{"embeddable":true,"href":"https:\/\/www.caririemacao.com\/1\/wp-json\/wp\/v2\/comments?post=104755"}],"version-history":[{"count":1,"href":"https:\/\/www.caririemacao.com\/1\/wp-json\/wp\/v2\/posts\/104755\/revisions"}],"predecessor-version":[{"id":104757,"href":"https:\/\/www.caririemacao.com\/1\/wp-json\/wp\/v2\/posts\/104755\/revisions\/104757"}],"wp:featuredmedia":[{"embeddable":true,"href":"https:\/\/www.caririemacao.com\/1\/wp-json\/wp\/v2\/media\/104756"}],"wp:attachment":[{"href":"https:\/\/www.caririemacao.com\/1\/wp-json\/wp\/v2\/media?parent=104755"}],"wp:term":[{"taxonomy":"category","embeddable":true,"href":"https:\/\/www.caririemacao.com\/1\/wp-json\/wp\/v2\/categories?post=104755"},{"taxonomy":"post_tag","embeddable":true,"href":"https:\/\/www.caririemacao.com\/1\/wp-json\/wp\/v2\/tags?post=104755"}],"curies":[{"name":"wp","href":"https:\/\/api.w.org\/{rel}","templated":true}]}}