{"id":104763,"date":"2019-07-15T11:05:04","date_gmt":"2019-07-15T14:05:04","guid":{"rendered":"http:\/\/www.caririemacao.com\/1\/?p=104763"},"modified":"2019-07-15T11:05:04","modified_gmt":"2019-07-15T14:05:04","slug":"inscricoes-do-encceja-para-pessoas-privadas-de-liberdade-comecam-hoje","status":"publish","type":"post","link":"https:\/\/www.caririemacao.com\/1\/2019\/07\/15\/inscricoes-do-encceja-para-pessoas-privadas-de-liberdade-comecam-hoje\/","title":{"rendered":"Inscri\u00e7\u00f5es do Encceja para pessoas privadas de liberdade come\u00e7am hoje"},"content":{"rendered":"\n<p>As inscri\u00e7\u00f5es para o Exame Nacional para Certifica\u00e7\u00e3o de Compet\u00eancias de Jovens e Adultos para detentos e jovens sob medida socioeducativa que inclua priva\u00e7\u00e3o de liberdade (Encceja Nacional PPL) come\u00e7am nesta segunda-feira (15) e v\u00e3o at\u00e9 o dia 26 de julho, de acordo com&nbsp;<a href=\"http:\/\/download.inep.gov.br\/educacao_basica\/encceja\/legistacao\/prisional\/2019\/Edital_n53_27062019.pdf\">edital de 27 de junho<\/a>&nbsp;do Instituto Nacional de Estudos e Pesquisas Educacionais An\u00edsio Teixeira (Inep), publicado na edi\u00e7\u00e3o de 28 de junho&nbsp;do Di\u00e1rio Oficial da Uni\u00e3o.<\/p>\n\n\n\n<p>O exame, aplicado pelo Inep, \u00e9 destinado \u00e0queles que n\u00e3o conclu\u00edram os estudos na idade adequada e serve como oportunidade de obter os certificados do ensino fundamental e m\u00e9dio. O participante deve ter, no m\u00ednimo, 15 anos de idade para certifica\u00e7\u00e3o do fundamental e, pelo menos, 18 anos, para o ensino m\u00e9dio, na data da aplica\u00e7\u00e3o das provas nos dias em 8 e 9 de outubro.<\/p>\n\n\n\n<p>O Encceja Nacional PPL \u00e9 dividido em quatro provas objetivas por n\u00edvel de ensino e uma reda\u00e7\u00e3o. Cada prova objetiva tem 30 quest\u00f5es de m\u00faltipla escolha. Os que buscam a certifica\u00e7\u00e3o do ensino fundamental ser\u00e3o avaliados nas seguintes \u00e1reas do conhecimento: ci\u00eancias naturais; hist\u00f3ria e geografia; l\u00edngua portuguesa, l\u00edngua estrangeira, artes, educa\u00e7\u00e3o f\u00edsica e reda\u00e7\u00e3o; e matem\u00e1tica. Para o ensino m\u00e9dio, ser\u00e1 exigido conhecimento nas \u00e1reas de ci\u00eancias da natureza; ci\u00eancias humanas; linguagens e c\u00f3digos e reda\u00e7\u00e3o; e matem\u00e1tica.<\/p>\n\n\n\n<p>As unidades prisionais e socioeducativas interessadas em aplicar o Encceja Nacional PPL dever\u00e3o ser indicadas pelos \u00f3rg\u00e3os de administra\u00e7\u00e3o prisional e socioeducativa. \u00c9 obrigat\u00f3rio firmar termo de ades\u00e3o, responsabilidades e compromissos com o Inep entre 8 e 19 de julho de 2019, exclusivamente pela internet, por meio do Sistema de Ades\u00e3o e Inscri\u00e7\u00e3o PPL. Cada unidade prisional ou socioeducativa indicada ter\u00e1 um respons\u00e1vel pedag\u00f3gico que, al\u00e9m das inscri\u00e7\u00f5es dos participantes, ficar\u00e1 encarregado de acessar os resultados e pleitear a certifica\u00e7\u00e3o.<\/p>\n","protected":false},"excerpt":{"rendered":"<p>As inscri\u00e7\u00f5es para o Exame Nacional para Certifica\u00e7\u00e3o de Compet\u00eancias de Jovens e Adultos para detentos e jovens sob medida socioeducativa que inclua priva\u00e7\u00e3o de&hellip; <\/p>\n","protected":false},"author":1,"featured_media":94917,"comment_status":"closed","ping_status":"closed","sticky":false,"template":"","format":"standard","meta":{"sfsi_plus_gutenberg_text_before_share":"","sfsi_plus_gutenberg_show_text_before_share":"","sfsi_plus_gutenberg_icon_type":"","sfsi_plus_gutenberg_icon_alignemt":"","sfsi_plus_gutenburg_max_per_row":"","footnotes":""},"categories":[14],"tags":[],"class_list":["post-104763","post","type-post","status-publish","format-standard","has-post-thumbnail","hentry","category-educacao"],"_links":{"self":[{"href":"https:\/\/www.caririemacao.com\/1\/wp-json\/wp\/v2\/posts\/104763","targetHints":{"allow":["GET"]}}],"collection":[{"href":"https:\/\/www.caririemacao.com\/1\/wp-json\/wp\/v2\/posts"}],"about":[{"href":"https:\/\/www.caririemacao.com\/1\/wp-json\/wp\/v2\/types\/post"}],"author":[{"embeddable":true,"href":"https:\/\/www.caririemacao.com\/1\/wp-json\/wp\/v2\/users\/1"}],"replies":[{"embeddable":true,"href":"https:\/\/www.caririemacao.com\/1\/wp-json\/wp\/v2\/comments?post=104763"}],"version-history":[{"count":1,"href":"https:\/\/www.caririemacao.com\/1\/wp-json\/wp\/v2\/posts\/104763\/revisions"}],"predecessor-version":[{"id":104764,"href":"https:\/\/www.caririemacao.com\/1\/wp-json\/wp\/v2\/posts\/104763\/revisions\/104764"}],"wp:featuredmedia":[{"embeddable":true,"href":"https:\/\/www.caririemacao.com\/1\/wp-json\/wp\/v2\/media\/94917"}],"wp:attachment":[{"href":"https:\/\/www.caririemacao.com\/1\/wp-json\/wp\/v2\/media?parent=104763"}],"wp:term":[{"taxonomy":"category","embeddable":true,"href":"https:\/\/www.caririemacao.com\/1\/wp-json\/wp\/v2\/categories?post=104763"},{"taxonomy":"post_tag","embeddable":true,"href":"https:\/\/www.caririemacao.com\/1\/wp-json\/wp\/v2\/tags?post=104763"}],"curies":[{"name":"wp","href":"https:\/\/api.w.org\/{rel}","templated":true}]}}