{"id":104767,"date":"2019-07-15T11:30:56","date_gmt":"2019-07-15T14:30:56","guid":{"rendered":"http:\/\/www.caririemacao.com\/1\/?p=104767"},"modified":"2019-07-15T11:30:56","modified_gmt":"2019-07-15T14:30:56","slug":"se-esta-sendo-criticado-e-sinal-de-que-e-a-pessoa-adequada-diz-bolsonaro-sobre-eduardo","status":"publish","type":"post","link":"https:\/\/www.caririemacao.com\/1\/2019\/07\/15\/se-esta-sendo-criticado-e-sinal-de-que-e-a-pessoa-adequada-diz-bolsonaro-sobre-eduardo\/","title":{"rendered":"Se est\u00e1 sendo criticado, \u00e9 sinal de que \u00e9 a pessoa adequada, diz Bolsonaro sobre Eduardo"},"content":{"rendered":"\n<p>O presidente Jair Bolsonaro (PSL) rebateu nesta segunda-feira (16) as cr\u00edticas recebidas pela indica\u00e7\u00e3o do filho Eduardo \u00e0 embaixada do Brasil nos Estados Unidos e afirmou que isso significaria que a escolha feita foi acertada.<\/p>\n\n\n\n<p>&#8220;Se est\u00e1 sendo t\u00e3o criticado, \u00e9 sinal de que \u00e9 a pessoa adequada&#8221;, afirmou, em sess\u00e3o solene no plen\u00e1rio da C\u00e2mara dos Deputados em homenagem ao anivers\u00e1rio do Comando de Opera\u00e7\u00f5es Especiais do Ex\u00e9rcito Brasileiro.<\/p>\n\n\n\n<p>Na \u00faltima quinta (11), o presidente anunciou a inten\u00e7\u00e3o de indicar Eduardo, deputado federal, ao posto.<\/p>\n\n\n\n<p>Segundo ele, o filho fala ingl\u00eas com flu\u00eancia, tem boa rela\u00e7\u00e3o com a fam\u00edlia do presidente dos Estados Unidos, Donald Trump, e &#8220;daria conta do recado perfeitamente&#8221;.<\/p>\n","protected":false},"excerpt":{"rendered":"<p>O presidente Jair Bolsonaro (PSL) rebateu nesta segunda-feira (16) as cr\u00edticas recebidas pela indica\u00e7\u00e3o do filho Eduardo \u00e0 embaixada do Brasil nos Estados Unidos e&hellip; <\/p>\n","protected":false},"author":1,"featured_media":104768,"comment_status":"closed","ping_status":"closed","sticky":false,"template":"","format":"standard","meta":{"sfsi_plus_gutenberg_text_before_share":"","sfsi_plus_gutenberg_show_text_before_share":"","sfsi_plus_gutenberg_icon_type":"","sfsi_plus_gutenberg_icon_alignemt":"","sfsi_plus_gutenburg_max_per_row":"","footnotes":""},"categories":[11],"tags":[],"class_list":["post-104767","post","type-post","status-publish","format-standard","has-post-thumbnail","hentry","category-politica"],"_links":{"self":[{"href":"https:\/\/www.caririemacao.com\/1\/wp-json\/wp\/v2\/posts\/104767","targetHints":{"allow":["GET"]}}],"collection":[{"href":"https:\/\/www.caririemacao.com\/1\/wp-json\/wp\/v2\/posts"}],"about":[{"href":"https:\/\/www.caririemacao.com\/1\/wp-json\/wp\/v2\/types\/post"}],"author":[{"embeddable":true,"href":"https:\/\/www.caririemacao.com\/1\/wp-json\/wp\/v2\/users\/1"}],"replies":[{"embeddable":true,"href":"https:\/\/www.caririemacao.com\/1\/wp-json\/wp\/v2\/comments?post=104767"}],"version-history":[{"count":1,"href":"https:\/\/www.caririemacao.com\/1\/wp-json\/wp\/v2\/posts\/104767\/revisions"}],"predecessor-version":[{"id":104769,"href":"https:\/\/www.caririemacao.com\/1\/wp-json\/wp\/v2\/posts\/104767\/revisions\/104769"}],"wp:featuredmedia":[{"embeddable":true,"href":"https:\/\/www.caririemacao.com\/1\/wp-json\/wp\/v2\/media\/104768"}],"wp:attachment":[{"href":"https:\/\/www.caririemacao.com\/1\/wp-json\/wp\/v2\/media?parent=104767"}],"wp:term":[{"taxonomy":"category","embeddable":true,"href":"https:\/\/www.caririemacao.com\/1\/wp-json\/wp\/v2\/categories?post=104767"},{"taxonomy":"post_tag","embeddable":true,"href":"https:\/\/www.caririemacao.com\/1\/wp-json\/wp\/v2\/tags?post=104767"}],"curies":[{"name":"wp","href":"https:\/\/api.w.org\/{rel}","templated":true}]}}