{"id":104791,"date":"2019-07-15T12:28:29","date_gmt":"2019-07-15T15:28:29","guid":{"rendered":"http:\/\/www.caririemacao.com\/1\/?p=104791"},"modified":"2019-07-15T12:28:29","modified_gmt":"2019-07-15T15:28:29","slug":"prefeitura-de-nazarezinho-abre-inscricoes-para-processo-seletivo-com-36-vagas-de-emprego","status":"publish","type":"post","link":"https:\/\/www.caririemacao.com\/1\/2019\/07\/15\/prefeitura-de-nazarezinho-abre-inscricoes-para-processo-seletivo-com-36-vagas-de-emprego\/","title":{"rendered":"Prefeitura de Nazarezinho abre inscri\u00e7\u00f5es para processo seletivo com 36 vagas de emprego"},"content":{"rendered":"\n<p>Prefeitura de Nazarezinho abre inscri\u00e7\u00f5es nesta segunda-feira (15), para processo seletivo com 36 vagas para cargos de n\u00edveis m\u00e9dio, t\u00e9cnico e superior. Os cargos oferecidos possuem sal\u00e1rio de at\u00e9 R$ 7 mil.<\/p>\n\n\n\n<p>Os interessados podem se inscrever at\u00e9 o dia 19 de julho,&nbsp;das 07:30h \u00e0s 11h30 e das 13:00h \u00e0s 16:00h na&nbsp;Secretaria de Finan\u00e7as e Planejamento, \u00e0 Rua Ant\u00f4nio Vieira, n\u00ba 01, Centro, Nazarezinho \u2013 PB. A taxa de inscri\u00e7\u00e3o \u00e9 de R$&nbsp;70,00 para inscri\u00e7\u00e3o de n\u00edvel m\u00e9dio e R$ 100,00 para&nbsp;n\u00edvel superior e dever\u00e1 ser efetuada no caixa da Prefeitura Municipal.&nbsp;<br><\/p>\n\n\n\n<p>As vagas oferecidas s\u00e3o para Agente Comunit\u00e1rio de Sa\u00fade, Agente de Combate \u00e0 Endemias, Assistente Social, Assessor Jur\u00eddico, Educador Social CREAS, Enfermeiro ESF, Enfermeiro Plantonista, M\u00e9dico ESF, M\u00e9dico Veterin\u00e1rio, Nutricionista NASF, Odont\u00f3logo ESF, Orientador Social, Psic\u00f3logo, T\u00e9cnico em Enfermagem ESF, T\u00e9cnico em Enfermagem Plantonista, Visitador Social.<\/p>\n\n\n\n<p>As provas devem ser aplicadas no dia 28 de julho.<\/p>\n","protected":false},"excerpt":{"rendered":"<p>Prefeitura de Nazarezinho abre inscri\u00e7\u00f5es nesta segunda-feira (15), para processo seletivo com 36 vagas para cargos de n\u00edveis m\u00e9dio, t\u00e9cnico e superior. Os cargos oferecidos&hellip; <\/p>\n","protected":false},"author":1,"featured_media":104792,"comment_status":"closed","ping_status":"closed","sticky":false,"template":"","format":"standard","meta":{"sfsi_plus_gutenberg_text_before_share":"","sfsi_plus_gutenberg_show_text_before_share":"","sfsi_plus_gutenberg_icon_type":"","sfsi_plus_gutenberg_icon_alignemt":"","sfsi_plus_gutenburg_max_per_row":"","footnotes":""},"categories":[6],"tags":[],"class_list":["post-104791","post","type-post","status-publish","format-standard","has-post-thumbnail","hentry","category-cidades"],"_links":{"self":[{"href":"https:\/\/www.caririemacao.com\/1\/wp-json\/wp\/v2\/posts\/104791","targetHints":{"allow":["GET"]}}],"collection":[{"href":"https:\/\/www.caririemacao.com\/1\/wp-json\/wp\/v2\/posts"}],"about":[{"href":"https:\/\/www.caririemacao.com\/1\/wp-json\/wp\/v2\/types\/post"}],"author":[{"embeddable":true,"href":"https:\/\/www.caririemacao.com\/1\/wp-json\/wp\/v2\/users\/1"}],"replies":[{"embeddable":true,"href":"https:\/\/www.caririemacao.com\/1\/wp-json\/wp\/v2\/comments?post=104791"}],"version-history":[{"count":1,"href":"https:\/\/www.caririemacao.com\/1\/wp-json\/wp\/v2\/posts\/104791\/revisions"}],"predecessor-version":[{"id":104793,"href":"https:\/\/www.caririemacao.com\/1\/wp-json\/wp\/v2\/posts\/104791\/revisions\/104793"}],"wp:featuredmedia":[{"embeddable":true,"href":"https:\/\/www.caririemacao.com\/1\/wp-json\/wp\/v2\/media\/104792"}],"wp:attachment":[{"href":"https:\/\/www.caririemacao.com\/1\/wp-json\/wp\/v2\/media?parent=104791"}],"wp:term":[{"taxonomy":"category","embeddable":true,"href":"https:\/\/www.caririemacao.com\/1\/wp-json\/wp\/v2\/categories?post=104791"},{"taxonomy":"post_tag","embeddable":true,"href":"https:\/\/www.caririemacao.com\/1\/wp-json\/wp\/v2\/tags?post=104791"}],"curies":[{"name":"wp","href":"https:\/\/api.w.org\/{rel}","templated":true}]}}