{"id":104796,"date":"2019-07-15T12:32:32","date_gmt":"2019-07-15T15:32:32","guid":{"rendered":"http:\/\/www.caririemacao.com\/1\/?p=104796"},"modified":"2019-07-15T12:32:32","modified_gmt":"2019-07-15T15:32:32","slug":"prefeitura-de-varzea-oferece-43-vagas-em-concurso-e-salarios-de-ate-r-10-mil","status":"publish","type":"post","link":"https:\/\/www.caririemacao.com\/1\/2019\/07\/15\/prefeitura-de-varzea-oferece-43-vagas-em-concurso-e-salarios-de-ate-r-10-mil\/","title":{"rendered":"Prefeitura de V\u00e1rzea oferece 43 vagas em concurso e sal\u00e1rios de at\u00e9 R$ 10 mil"},"content":{"rendered":"\n<p>A Prefeitura de V\u00e1rzea oferece 43 vagas de emprego em todos os n\u00edveis de escolaridade. Os sal\u00e1rios variam de R$ 998 a R$ 10 mil. As inscri\u00e7\u00f5es ser\u00e3o abertas na pr\u00f3xima segunda-feira (22) e encerradas no dia 22 de agosto.<\/p>\n\n\n\n<p>As inscri\u00e7\u00f5es devem ser feitas no site da banca organizadora EducaPB. A taxa de inscri\u00e7\u00e3o varia entre R$ 40 (n\u00edvel fundamental), R$ 50 (n\u00edvel m\u00e9dio\/t\u00e9cnico) e R$ 90 (n\u00edvel superior).<\/p>\n\n\n\n<p>As provas devem ser aplicadas no dia 22 de setembro deste ano.<\/p>\n\n\n\n<p>H\u00e1 vagas para auxiliar de servi\u00e7os gerais com ensino fundamental incompleto, como tamb\u00e9m para m\u00e9dico cl\u00ednico geral.<\/p>\n\n\n\n<p>Todas as informa\u00e7\u00f5es sobre o concurso p\u00fablico est\u00e3o dispon\u00edveis&nbsp;<a href=\"https:\/\/www.clickpb.com.br\/media\/filer_public\/33\/1c\/331c8183-0001-4d9d-8c12-1d5c3ecef81b\/edital-de-abertura-varzea-pb.pdf\">no edital<\/a>.<\/p>\n","protected":false},"excerpt":{"rendered":"<p>A Prefeitura de V\u00e1rzea oferece 43 vagas de emprego em todos os n\u00edveis de escolaridade. Os sal\u00e1rios variam de R$ 998 a R$ 10 mil.&hellip; <\/p>\n","protected":false},"author":1,"featured_media":104797,"comment_status":"closed","ping_status":"closed","sticky":false,"template":"","format":"standard","meta":{"sfsi_plus_gutenberg_text_before_share":"","sfsi_plus_gutenberg_show_text_before_share":"","sfsi_plus_gutenberg_icon_type":"","sfsi_plus_gutenberg_icon_alignemt":"","sfsi_plus_gutenburg_max_per_row":"","footnotes":""},"categories":[6],"tags":[],"class_list":["post-104796","post","type-post","status-publish","format-standard","has-post-thumbnail","hentry","category-cidades"],"_links":{"self":[{"href":"https:\/\/www.caririemacao.com\/1\/wp-json\/wp\/v2\/posts\/104796","targetHints":{"allow":["GET"]}}],"collection":[{"href":"https:\/\/www.caririemacao.com\/1\/wp-json\/wp\/v2\/posts"}],"about":[{"href":"https:\/\/www.caririemacao.com\/1\/wp-json\/wp\/v2\/types\/post"}],"author":[{"embeddable":true,"href":"https:\/\/www.caririemacao.com\/1\/wp-json\/wp\/v2\/users\/1"}],"replies":[{"embeddable":true,"href":"https:\/\/www.caririemacao.com\/1\/wp-json\/wp\/v2\/comments?post=104796"}],"version-history":[{"count":1,"href":"https:\/\/www.caririemacao.com\/1\/wp-json\/wp\/v2\/posts\/104796\/revisions"}],"predecessor-version":[{"id":104798,"href":"https:\/\/www.caririemacao.com\/1\/wp-json\/wp\/v2\/posts\/104796\/revisions\/104798"}],"wp:featuredmedia":[{"embeddable":true,"href":"https:\/\/www.caririemacao.com\/1\/wp-json\/wp\/v2\/media\/104797"}],"wp:attachment":[{"href":"https:\/\/www.caririemacao.com\/1\/wp-json\/wp\/v2\/media?parent=104796"}],"wp:term":[{"taxonomy":"category","embeddable":true,"href":"https:\/\/www.caririemacao.com\/1\/wp-json\/wp\/v2\/categories?post=104796"},{"taxonomy":"post_tag","embeddable":true,"href":"https:\/\/www.caririemacao.com\/1\/wp-json\/wp\/v2\/tags?post=104796"}],"curies":[{"name":"wp","href":"https:\/\/api.w.org\/{rel}","templated":true}]}}