{"id":104801,"date":"2019-07-15T12:35:28","date_gmt":"2019-07-15T15:35:28","guid":{"rendered":"http:\/\/www.caririemacao.com\/1\/?p=104801"},"modified":"2019-07-15T12:35:28","modified_gmt":"2019-07-15T15:35:28","slug":"reforma-da-previdencia-ja-tem-42-dos-49-votos-para-aprovacao-no-senado","status":"publish","type":"post","link":"https:\/\/www.caririemacao.com\/1\/2019\/07\/15\/reforma-da-previdencia-ja-tem-42-dos-49-votos-para-aprovacao-no-senado\/","title":{"rendered":"Reforma da Previd\u00eancia j\u00e1 tem 42 dos 49 votos para aprova\u00e7\u00e3o no Senado"},"content":{"rendered":"\n<p>reforma da Previd\u00eancia ainda precisa passar por um segundo turno na C\u00e2mara dos Deputados, mas a maioria dos senadores se posiciona favoravelmente \u00e0 proposta que muda as regras para se aposentar no Brasil. O Placar da Previd\u00eancia, elaborado pelo &#8216;Estado&#8217;, aponta 42 votos &#8220;sim&#8221; ao texto, antes mesmo de ele chegar ao Senado.&nbsp;<\/p>\n\n\n\n<p>O n\u00famero representa mais do que a metade dos senadores, mas ainda est\u00e1 sete votos aqu\u00e9m do m\u00ednimo necess\u00e1rio para a aprova\u00e7\u00e3o de uma Proposta de Emenda \u00e0 Constitui\u00e7\u00e3o na Casa, de 49 senadores.<\/p>\n\n\n\n<p>O Estado ouviu os senadores na \u00faltima semana, quando os deputados ainda analisavam os chamados destaques (sugest\u00f5es de mudan\u00e7as ao texto-base). Do total, 15 senadores pediram para se manifestar apenas quando o texto chegar ao Senado, e 11 se disseram contr\u00e1rios \u00e0 reforma da Previd\u00eancia da forma como foi aprovada na C\u00e2mara. Sete n\u00e3o foram encontrados, um se declarou indeciso e quatro n\u00e3o quiseram responder.<\/p>\n\n\n\n<p>Entre os 42 senadores que se manifestaram favoravelmente ao texto, \u00e9 comum a defesa da inclus\u00e3o dos Estados e munic\u00edpios nas novas regras. Da forma como est\u00e1 o texto, a reforma fixa uma nova idade m\u00ednima para se aposentar &#8211; 65 anos para homens e 62 anos para mulheres &#8211; que vai valer para quem entrar no mercado de trabalho.<\/p>\n\n\n\n<p>A nova idade valer\u00e1 tanto para trabalhadores da iniciativa privada como para servidores p\u00fablicos da Uni\u00e3o. No entanto, depois de modifica\u00e7\u00f5es na C\u00e2mara, o funcionalismo p\u00fablico estadual e municipal ficou de fora.<\/p>\n\n\n\n<p><strong>PEC paralela<\/strong><\/p>\n\n\n\n<p>Se os senadores alterarem o texto, a proposta precisa voltar \u00e0 C\u00e2mara &#8211; o que atrapalharia o desejo do governo de promulg\u00e1-la na Semana da P\u00e1tria, em setembro. Para evitar o atraso, est\u00e1 sendo gestado um acordo para que a inclus\u00e3o de Estados e munic\u00edpios e eventuais mudan\u00e7as sejam feitas em proposta paralela, que, depois de votada pelos senadores, voltaria para a an\u00e1lise dos deputados.<\/p>\n\n\n\n<p>O senador Tasso Jereissati (PSDB-CE), cotado para ser relator da reforma na Comiss\u00e3o de Constitui\u00e7\u00e3o e Justi\u00e7a (CCJ) do Senado, diz que a PEC paralela seria uma sa\u00edda para atender ao desejo da maioria dos senadores pela reinclus\u00e3o de Estados e munic\u00edpios na reforma. Segundo ele, o presidente do Senado, Davi Alcolumbre (DEM-AP), est\u00e1 de acordo com a ideia.<\/p>\n\n\n\n<p>Jereissati \u00e9 relator de uma comiss\u00e3o montada no Senado para acompanhar o tr\u00e2mite da reforma na C\u00e2mara. Na \u00faltima semana, enquanto os deputados discutiam a proposta, o grupo recebeu governadores para debater as mudan\u00e7as nas regras de aposentadoria.<\/p>\n\n\n\n<p>Para o l\u00edder do PSL no Senado, Major Ol\u00edmpio (SP), \u00e9 um &#8220;absurdo&#8221; que Estados e munic\u00edpios n\u00e3o estejam contemplados no texto. &#8220;Dessa forma, o Brasil vai continuar limpando o ch\u00e3o com a torneira aberta&#8221;, diz.<\/p>\n\n\n\n<p>Para o l\u00edder do PP no Senado, Espirid\u00e3o Amin (SC), h\u00e1 duas op\u00e7\u00f5es: incluir Estados e munic\u00edpios de forma impositiva ou permitir a ades\u00e3o por projeto de lei no qual governadores e prefeitos enviem projetos \u00e0s assembleias e C\u00e2maras. A segunda op\u00e7\u00e3o poderia ter mais receptividade, diz a presidente da CCJ no Senado, Simone Tebet (MDB-MS).<\/p>\n","protected":false},"excerpt":{"rendered":"<p>reforma da Previd\u00eancia ainda precisa passar por um segundo turno na C\u00e2mara dos Deputados, mas a maioria dos senadores se posiciona favoravelmente \u00e0 proposta que&hellip; <\/p>\n","protected":false},"author":1,"featured_media":104802,"comment_status":"closed","ping_status":"closed","sticky":false,"template":"","format":"standard","meta":{"sfsi_plus_gutenberg_text_before_share":"","sfsi_plus_gutenberg_show_text_before_share":"","sfsi_plus_gutenberg_icon_type":"","sfsi_plus_gutenberg_icon_alignemt":"","sfsi_plus_gutenburg_max_per_row":"","footnotes":""},"categories":[11],"tags":[],"class_list":["post-104801","post","type-post","status-publish","format-standard","has-post-thumbnail","hentry","category-politica"],"_links":{"self":[{"href":"https:\/\/www.caririemacao.com\/1\/wp-json\/wp\/v2\/posts\/104801","targetHints":{"allow":["GET"]}}],"collection":[{"href":"https:\/\/www.caririemacao.com\/1\/wp-json\/wp\/v2\/posts"}],"about":[{"href":"https:\/\/www.caririemacao.com\/1\/wp-json\/wp\/v2\/types\/post"}],"author":[{"embeddable":true,"href":"https:\/\/www.caririemacao.com\/1\/wp-json\/wp\/v2\/users\/1"}],"replies":[{"embeddable":true,"href":"https:\/\/www.caririemacao.com\/1\/wp-json\/wp\/v2\/comments?post=104801"}],"version-history":[{"count":1,"href":"https:\/\/www.caririemacao.com\/1\/wp-json\/wp\/v2\/posts\/104801\/revisions"}],"predecessor-version":[{"id":104803,"href":"https:\/\/www.caririemacao.com\/1\/wp-json\/wp\/v2\/posts\/104801\/revisions\/104803"}],"wp:featuredmedia":[{"embeddable":true,"href":"https:\/\/www.caririemacao.com\/1\/wp-json\/wp\/v2\/media\/104802"}],"wp:attachment":[{"href":"https:\/\/www.caririemacao.com\/1\/wp-json\/wp\/v2\/media?parent=104801"}],"wp:term":[{"taxonomy":"category","embeddable":true,"href":"https:\/\/www.caririemacao.com\/1\/wp-json\/wp\/v2\/categories?post=104801"},{"taxonomy":"post_tag","embeddable":true,"href":"https:\/\/www.caririemacao.com\/1\/wp-json\/wp\/v2\/tags?post=104801"}],"curies":[{"name":"wp","href":"https:\/\/api.w.org\/{rel}","templated":true}]}}