{"id":104807,"date":"2019-07-15T12:53:16","date_gmt":"2019-07-15T15:53:16","guid":{"rendered":"http:\/\/www.caririemacao.com\/1\/?p=104807"},"modified":"2019-07-15T12:53:16","modified_gmt":"2019-07-15T15:53:16","slug":"governo-federal-corta-repasse-para-educacao","status":"publish","type":"post","link":"https:\/\/www.caririemacao.com\/1\/2019\/07\/15\/governo-federal-corta-repasse-para-educacao\/","title":{"rendered":"Governo federal corta repasse para educa\u00e7\u00e3o"},"content":{"rendered":"\n<p>Segundo o jornal Folha de S. Paulo, o governo federal n\u00e3o realizou repasse de verbas para a educa\u00e7\u00e3o b\u00e1sica em 2019. Repasses de apoio \u00e0 educa\u00e7\u00e3o integral, constru\u00e7\u00e3o de creches, ensino t\u00e9cnico e alfabetiza\u00e7\u00e3o, por exemplo, foram distribu\u00eddos pelo Programa Dinheiro Direto na Escola (PDDE), sem o aporte federal.<\/p>\n\n\n\n<p>Para o ensino integral, a previs\u00e3o \u00e9 de que at\u00e9 2024 pelo menos 25% dos alunos estejam dentro do regime integral. Por\u00e9m, em 2018, esse n\u00famero foi de 15%, e pode diminuir ainda mais, j\u00e1 que o governo federal ainda n\u00e3o distribuiu verbas dedicadas \u00e0 educa\u00e7\u00e3o integral em 2019. Em 2018, foram repassados R$ 399,6 milh\u00f5es para esse fim.<\/p>\n\n\n\n<p>Outras \u00e1reas que ainda n\u00e3o receberam suporte financeiro em 2019 foram obras de acessibilidade, fornecimento de \u00e1gua, apoio de escolas rurais e instala\u00e7\u00e3o de internet nas escolas. Em compara\u00e7\u00e3o, em 2018 foram gastos R$ 129,4 milh\u00f5es para esses objetivos.<\/p>\n\n\n\n<p>At\u00e9 abril deste ano, R$ 10,3 bilh\u00f5es foram pagos para a constru\u00e7\u00e3o de unidades municipais, valor que representa 13% do que foi investido no mesmo per\u00edodo de 2018. Segundo o Minist\u00e9rio da Educa\u00e7\u00e3o (MEC), das 9.028 obras aprovadas desde 2007, 4.981 ainda n\u00e3o foram conclu\u00eddas.<\/p>\n\n\n\n<p>Crian\u00e7as em creches tamb\u00e9m podem ser prejudicadas pela falta de repasse. Cerca de um ter\u00e7o das crian\u00e7as de at\u00e9 tr\u00eas anos no pa\u00eds est\u00e3o matriculadas em creches. A meta \u00e9 de que o n\u00famero suba para 50% at\u00e9 2024.<\/p>\n\n\n\n<p>Segundo a Folha, at\u00e9 julho deste ano, o MEC s\u00f3 executou repasse previsto para pequenas obras e compras, na ordem de R$ 343 milh\u00f5es. Esse valor corresponde a 18% do que foi previsto para o ano.<\/p>\n\n\n\n<p>O Programa que realiza repasse para escolas municipais e estaduais, o PDDE, est\u00e1 fora do contingenciamento anunciado pelo MEC em 2019. A reportagem aponta que o governo federal realiza transfer\u00eancias espec\u00edficas para induzir pol\u00edticas.<\/p>\n","protected":false},"excerpt":{"rendered":"<p>Segundo o jornal Folha de S. Paulo, o governo federal n\u00e3o realizou repasse de verbas para a educa\u00e7\u00e3o b\u00e1sica em 2019. Repasses de apoio \u00e0&hellip; <\/p>\n","protected":false},"author":1,"featured_media":104808,"comment_status":"closed","ping_status":"closed","sticky":false,"template":"","format":"standard","meta":{"sfsi_plus_gutenberg_text_before_share":"","sfsi_plus_gutenberg_show_text_before_share":"","sfsi_plus_gutenberg_icon_type":"","sfsi_plus_gutenberg_icon_alignemt":"","sfsi_plus_gutenburg_max_per_row":"","footnotes":""},"categories":[11],"tags":[],"class_list":["post-104807","post","type-post","status-publish","format-standard","has-post-thumbnail","hentry","category-politica"],"_links":{"self":[{"href":"https:\/\/www.caririemacao.com\/1\/wp-json\/wp\/v2\/posts\/104807","targetHints":{"allow":["GET"]}}],"collection":[{"href":"https:\/\/www.caririemacao.com\/1\/wp-json\/wp\/v2\/posts"}],"about":[{"href":"https:\/\/www.caririemacao.com\/1\/wp-json\/wp\/v2\/types\/post"}],"author":[{"embeddable":true,"href":"https:\/\/www.caririemacao.com\/1\/wp-json\/wp\/v2\/users\/1"}],"replies":[{"embeddable":true,"href":"https:\/\/www.caririemacao.com\/1\/wp-json\/wp\/v2\/comments?post=104807"}],"version-history":[{"count":1,"href":"https:\/\/www.caririemacao.com\/1\/wp-json\/wp\/v2\/posts\/104807\/revisions"}],"predecessor-version":[{"id":104809,"href":"https:\/\/www.caririemacao.com\/1\/wp-json\/wp\/v2\/posts\/104807\/revisions\/104809"}],"wp:featuredmedia":[{"embeddable":true,"href":"https:\/\/www.caririemacao.com\/1\/wp-json\/wp\/v2\/media\/104808"}],"wp:attachment":[{"href":"https:\/\/www.caririemacao.com\/1\/wp-json\/wp\/v2\/media?parent=104807"}],"wp:term":[{"taxonomy":"category","embeddable":true,"href":"https:\/\/www.caririemacao.com\/1\/wp-json\/wp\/v2\/categories?post=104807"},{"taxonomy":"post_tag","embeddable":true,"href":"https:\/\/www.caririemacao.com\/1\/wp-json\/wp\/v2\/tags?post=104807"}],"curies":[{"name":"wp","href":"https:\/\/api.w.org\/{rel}","templated":true}]}}